{"id":3181,"date":"2024-02-05T15:09:17","date_gmt":"2024-02-05T15:09:17","guid":{"rendered":"https:\/\/prosvjeta.ba\/?p=3181"},"modified":"2024-02-05T15:10:28","modified_gmt":"2024-02-05T15:10:28","slug":"obiljezavanje-100-godina-smrti-velikana-alekse-santica","status":"publish","type":"post","link":"https:\/\/prosvjeta.ba\/latinica\/obiljezavanje-100-godina-smrti-velikana-alekse-santica\/","title":{"rendered":"Obilje\u017eavanje 100 godina smrti velikana Alekse \u0160anti\u0107a"},"content":{"rendered":"<p>SPKD \"Prosvjeta\" Mostar i SPKD \"Prosvjeta\" Sarajevo je u petak, 2. februara 2024. obil\u0458e\u017eila stogodi\u0161njicu smrti jednog od svojih najistaknutijih \u010dlanova - jednog od najve\u0107ih pjesnika Mostara, Hercegovine, i cijeloga regiona - Alekse \u0160anti\u0107a. Ova stogodi\u0161njica je bila prilika da se okupimo u \u0160anti\u0107evom rodnom Mostaru, i da se u Centru za kulturu Mostar prisjetimo njegovog \u017eivota, i njegovog knji\u017eevnog djela, koje je i danas \u017eivo kao i prije vi\u0161e od jednoga vijeka.<\/p>\n\n\n\n<figure class=\"wp-block-image size-large\"><img fetchpriority=\"high\" decoding=\"async\" width=\"1024\" height=\"683\" src=\"https:\/\/prosvjeta.ba\/wp-content\/uploads\/2024\/02\/DSCF3378-1024x683.jpg\" alt=\"\" class=\"wp-image-3182\" srcset=\"https:\/\/prosvjeta.ba\/wp-content\/uploads\/2024\/02\/DSCF3378-1024x683.jpg 1024w, https:\/\/prosvjeta.ba\/wp-content\/uploads\/2024\/02\/DSCF3378-300x200.jpg 300w, https:\/\/prosvjeta.ba\/wp-content\/uploads\/2024\/02\/DSCF3378-768x512.jpg 768w, https:\/\/prosvjeta.ba\/wp-content\/uploads\/2024\/02\/DSCF3378-1536x1024.jpg 1536w, https:\/\/prosvjeta.ba\/wp-content\/uploads\/2024\/02\/DSCF3378-2048x1365.jpg 2048w, https:\/\/prosvjeta.ba\/wp-content\/uploads\/2024\/02\/DSCF3378-18x12.jpg 18w, https:\/\/prosvjeta.ba\/wp-content\/uploads\/2024\/02\/DSCF3378-1200x800.jpg 1200w\" sizes=\"(max-width: 1024px) 100vw, 1024px\" \/><\/figure>\n\n\n\n<p>Centar za kulturu je bio premalen da primi sve one koje su te februarske ve\u010deri bili \u017eel\u0458ni lijepe rije\u010di, i prisje\u0107anja na na\u0161eg Aleksu. Preko dvije stotine prisutnih je u\u017eivalo u poeziji Alekse \u0160anti\u0107a koju je nadahnuto govorio glumac Igor Skvarica. O neraskidivoj vezi \u0160anti\u0107a i Mostara je govorio Dejan Gari\u0107 iz sarajevske \"Prosvjete\", dok je o njegovom pjesni\u010dkom djelu, nekada i danas govorila prof. dr Dijana Had\u017eizuki\u0107. Sve je upotpunio duet \"Zerdelija\" sa muzi\u010dkim programom...<\/p>\n\n\n\n<figure class=\"wp-block-image size-large\"><img decoding=\"async\" width=\"1024\" height=\"682\" src=\"https:\/\/prosvjeta.ba\/wp-content\/uploads\/2024\/02\/DSCF3471-1024x682.jpg\" alt=\"\" class=\"wp-image-3184\" srcset=\"https:\/\/prosvjeta.ba\/wp-content\/uploads\/2024\/02\/DSCF3471-1024x682.jpg 1024w, https:\/\/prosvjeta.ba\/wp-content\/uploads\/2024\/02\/DSCF3471-300x200.jpg 300w, https:\/\/prosvjeta.ba\/wp-content\/uploads\/2024\/02\/DSCF3471-768x512.jpg 768w, https:\/\/prosvjeta.ba\/wp-content\/uploads\/2024\/02\/DSCF3471-1536x1024.jpg 1536w, https:\/\/prosvjeta.ba\/wp-content\/uploads\/2024\/02\/DSCF3471-2048x1365.jpg 2048w, https:\/\/prosvjeta.ba\/wp-content\/uploads\/2024\/02\/DSCF3471-18x12.jpg 18w, https:\/\/prosvjeta.ba\/wp-content\/uploads\/2024\/02\/DSCF3471-1200x800.jpg 1200w\" sizes=\"(max-width: 1024px) 100vw, 1024px\" \/><\/figure>\n\n\n\n<figure class=\"wp-block-image size-large\"><img decoding=\"async\" width=\"1024\" height=\"683\" src=\"https:\/\/prosvjeta.ba\/wp-content\/uploads\/2024\/02\/DSCF3426-1024x683.jpg\" alt=\"\" class=\"wp-image-3183\" srcset=\"https:\/\/prosvjeta.ba\/wp-content\/uploads\/2024\/02\/DSCF3426-1024x683.jpg 1024w, https:\/\/prosvjeta.ba\/wp-content\/uploads\/2024\/02\/DSCF3426-300x200.jpg 300w, https:\/\/prosvjeta.ba\/wp-content\/uploads\/2024\/02\/DSCF3426-768x512.jpg 768w, https:\/\/prosvjeta.ba\/wp-content\/uploads\/2024\/02\/DSCF3426-1536x1024.jpg 1536w, https:\/\/prosvjeta.ba\/wp-content\/uploads\/2024\/02\/DSCF3426-2048x1365.jpg 2048w, https:\/\/prosvjeta.ba\/wp-content\/uploads\/2024\/02\/DSCF3426-18x12.jpg 18w, https:\/\/prosvjeta.ba\/wp-content\/uploads\/2024\/02\/DSCF3426-1200x800.jpg 1200w\" sizes=\"(max-width: 1024px) 100vw, 1024px\" \/><\/figure>\n\n\n\n<figure class=\"wp-block-image size-large\"><img loading=\"lazy\" decoding=\"async\" width=\"1024\" height=\"682\" src=\"https:\/\/prosvjeta.ba\/wp-content\/uploads\/2024\/02\/DSCF3494-1024x682.jpg\" alt=\"\" class=\"wp-image-3185\" srcset=\"https:\/\/prosvjeta.ba\/wp-content\/uploads\/2024\/02\/DSCF3494-1024x682.jpg 1024w, https:\/\/prosvjeta.ba\/wp-content\/uploads\/2024\/02\/DSCF3494-300x200.jpg 300w, https:\/\/prosvjeta.ba\/wp-content\/uploads\/2024\/02\/DSCF3494-768x512.jpg 768w, https:\/\/prosvjeta.ba\/wp-content\/uploads\/2024\/02\/DSCF3494-1536x1023.jpg 1536w, https:\/\/prosvjeta.ba\/wp-content\/uploads\/2024\/02\/DSCF3494-2048x1364.jpg 2048w, https:\/\/prosvjeta.ba\/wp-content\/uploads\/2024\/02\/DSCF3494-18x12.jpg 18w, https:\/\/prosvjeta.ba\/wp-content\/uploads\/2024\/02\/DSCF3494-1200x800.jpg 1200w\" sizes=\"(max-width: 1024px) 100vw, 1024px\" \/><\/figure>\n\n\n\n<figure class=\"wp-block-image size-large\"><img loading=\"lazy\" decoding=\"async\" width=\"1024\" height=\"683\" src=\"https:\/\/prosvjeta.ba\/wp-content\/uploads\/2024\/02\/DSCF3529-1024x683.jpg\" alt=\"\" class=\"wp-image-3186\" srcset=\"https:\/\/prosvjeta.ba\/wp-content\/uploads\/2024\/02\/DSCF3529-1024x683.jpg 1024w, https:\/\/prosvjeta.ba\/wp-content\/uploads\/2024\/02\/DSCF3529-300x200.jpg 300w, https:\/\/prosvjeta.ba\/wp-content\/uploads\/2024\/02\/DSCF3529-768x512.jpg 768w, https:\/\/prosvjeta.ba\/wp-content\/uploads\/2024\/02\/DSCF3529-1536x1025.jpg 1536w, https:\/\/prosvjeta.ba\/wp-content\/uploads\/2024\/02\/DSCF3529-2048x1367.jpg 2048w, https:\/\/prosvjeta.ba\/wp-content\/uploads\/2024\/02\/DSCF3529-18x12.jpg 18w, https:\/\/prosvjeta.ba\/wp-content\/uploads\/2024\/02\/DSCF3529-1200x800.jpg 1200w\" sizes=\"(max-width: 1024px) 100vw, 1024px\" \/><\/figure>\n\n\n\n<figure class=\"wp-block-image size-large\"><img loading=\"lazy\" decoding=\"async\" width=\"682\" height=\"1024\" src=\"https:\/\/prosvjeta.ba\/wp-content\/uploads\/2024\/02\/DSCF3406-682x1024.jpg\" alt=\"\" class=\"wp-image-3187\" srcset=\"https:\/\/prosvjeta.ba\/wp-content\/uploads\/2024\/02\/DSCF3406-682x1024.jpg 682w, https:\/\/prosvjeta.ba\/wp-content\/uploads\/2024\/02\/DSCF3406-200x300.jpg 200w, https:\/\/prosvjeta.ba\/wp-content\/uploads\/2024\/02\/DSCF3406-768x1153.jpg 768w, https:\/\/prosvjeta.ba\/wp-content\/uploads\/2024\/02\/DSCF3406-1023x1536.jpg 1023w, https:\/\/prosvjeta.ba\/wp-content\/uploads\/2024\/02\/DSCF3406-1364x2048.jpg 1364w, https:\/\/prosvjeta.ba\/wp-content\/uploads\/2024\/02\/DSCF3406-8x12.jpg 8w, https:\/\/prosvjeta.ba\/wp-content\/uploads\/2024\/02\/DSCF3406-600x900.jpg 600w, https:\/\/prosvjeta.ba\/wp-content\/uploads\/2024\/02\/DSCF3406-scaled.jpg 1705w\" sizes=\"(max-width: 682px) 100vw, 682px\" \/><\/figure>\n\n\n\n<figure class=\"wp-block-image size-large\"><img loading=\"lazy\" decoding=\"async\" width=\"678\" height=\"1024\" src=\"https:\/\/prosvjeta.ba\/wp-content\/uploads\/2024\/02\/DSCF3363-678x1024.jpg\" alt=\"\" class=\"wp-image-3188\" srcset=\"https:\/\/prosvjeta.ba\/wp-content\/uploads\/2024\/02\/DSCF3363-678x1024.jpg 678w, https:\/\/prosvjeta.ba\/wp-content\/uploads\/2024\/02\/DSCF3363-199x300.jpg 199w, https:\/\/prosvjeta.ba\/wp-content\/uploads\/2024\/02\/DSCF3363-768x1160.jpg 768w, https:\/\/prosvjeta.ba\/wp-content\/uploads\/2024\/02\/DSCF3363-1017x1536.jpg 1017w, https:\/\/prosvjeta.ba\/wp-content\/uploads\/2024\/02\/DSCF3363-1356x2048.jpg 1356w, https:\/\/prosvjeta.ba\/wp-content\/uploads\/2024\/02\/DSCF3363-8x12.jpg 8w, https:\/\/prosvjeta.ba\/wp-content\/uploads\/2024\/02\/DSCF3363-scaled.jpg 1695w\" sizes=\"(max-width: 678px) 100vw, 678px\" \/><\/figure>\n\n\n\n<p>Nakon zvani\u010dnog dijela programa, mnogobrojni Mostarci okupl\u0458eni oko \u0160anti\u0107evog imena i djela imali su priliku obogatiti i svoju biblioteku sa dvije knjige koje je izdala SPKD \"Prosvjeta\" Sarajevo - zbirku pjesama \"Ostajte ovdje\" po izboru Dijane Had\u017eizuki\u0107, i reprint izdanja rodol\u0458ubive poezije Alekse \u0160anti\u0107a iz 1920. godine \"Na starim ognji\u0161tima\", ali i da u\u017eivaju u izlo\u017ebi posve\u0107enoj \u0160anti\u0107u, koju je pripremio Muzej Hercegovine iz Mostara. Uz mostarsku i sarajevsku \"Prosvjetu\", partneri u organizaciji su bili Centar za kulturu Mostar, Narodno pozori\u0161te Mostar i Muzej Hercegovine.<\/p>\n\n\n\n<figure class=\"wp-block-image size-large\"><img loading=\"lazy\" decoding=\"async\" width=\"1024\" height=\"683\" src=\"https:\/\/prosvjeta.ba\/wp-content\/uploads\/2024\/02\/DSCF3566-1024x683.jpg\" alt=\"\" class=\"wp-image-3189\" srcset=\"https:\/\/prosvjeta.ba\/wp-content\/uploads\/2024\/02\/DSCF3566-1024x683.jpg 1024w, https:\/\/prosvjeta.ba\/wp-content\/uploads\/2024\/02\/DSCF3566-300x200.jpg 300w, https:\/\/prosvjeta.ba\/wp-content\/uploads\/2024\/02\/DSCF3566-768x512.jpg 768w, https:\/\/prosvjeta.ba\/wp-content\/uploads\/2024\/02\/DSCF3566-1536x1024.jpg 1536w, https:\/\/prosvjeta.ba\/wp-content\/uploads\/2024\/02\/DSCF3566-2048x1365.jpg 2048w, https:\/\/prosvjeta.ba\/wp-content\/uploads\/2024\/02\/DSCF3566-18x12.jpg 18w, https:\/\/prosvjeta.ba\/wp-content\/uploads\/2024\/02\/DSCF3566-1200x800.jpg 1200w\" sizes=\"(max-width: 1024px) 100vw, 1024px\" \/><\/figure>","protected":false},"excerpt":{"rendered":"<p>\u0421\u041f\u041a\u0414 &#8220;\u041f\u0440\u043e\u0441\u0432\u0458\u0435\u0442\u0430&#8221; \u041c\u043e\u0441\u0442\u0430\u0440 \u0438 \u0421\u041f\u041a\u0414 &#8220;\u041f\u0440\u043e\u0441\u0432\u0458\u0435\u0442\u0430&#8221; \u0421\u0430\u0440\u0430\u0458\u0435\u0432\u043e \u0458\u0435 \u0443 \u043f\u0435\u0442\u0430\u043a, 2. \u0444\u0435\u0431\u0440\u0443\u0430\u0440\u0430 2024. \u043e\u0431\u0438\u0459\u0435\u0436\u0438\u043b\u0430 \u0441\u0442\u043e\u0433\u043e\u0434\u0438\u0448\u045a\u0438\u0446\u0443 \u0441\u043c\u0440\u0442\u0438 \u0458\u0435\u0434\u043d\u043e\u0433 \u043e\u0434 \u0441\u0432\u043e\u0458\u0438\u0445 \u043d\u0430\u0458\u0438\u0441\u0442\u0430\u043a\u043d\u0443\u0442\u0438\u0458\u0438\u0445 \u0447\u043b\u0430\u043d\u043e\u0432\u0430 &#8211; \u0458\u0435\u0434\u043d\u043e\u0433 \u043e\u0434 \u043d\u0430\u0458\u0432\u0435\u045b\u0438\u0445 \u043f\u0458\u0435\u0441\u043d\u0438\u043a\u0430 \u041c\u043e\u0441\u0442\u0430\u0440\u0430, \u0425\u0435\u0440\u0446\u0435\u0433\u043e\u0432\u0438\u043d\u0435, \u0438 \u0446\u0438\u0458\u0435\u043b\u043e\u0433\u0430 \u0440\u0435\u0433\u0438\u043e\u043d\u0430 &#8211; \u0410\u043b\u0435\u043a\u0441\u0435 \u0428\u0430\u043d\u0442\u0438\u045b\u0430. \u041e\u0432\u0430 \u0441\u0442\u043e\u0433\u043e\u0434\u0438\u0448\u045a\u0438\u0446\u0430 \u0458\u0435 \u0431\u0438\u043b\u0430 \u043f\u0440\u0438\u043b\u0438\u043a\u0430 \u0434\u0430 \u0441\u0435 \u043e\u043a\u0443\u043f\u0438\u043c\u043e \u0443 \u0428\u0430\u043d\u0442\u0438\u045b\u0435\u0432\u043e\u043c \u0440\u043e\u0434\u043d\u043e\u043c \u041c\u043e\u0441\u0442\u0430\u0440\u0443, \u0438 \u0434\u0430 \u0441\u0435 \u0443 \u0426\u0435\u043d\u0442\u0440\u0443 \u0437\u0430 \u043a\u0443\u043b\u0442\u0443\u0440\u0443 \u041c\u043e\u0441\u0442\u0430\u0440 \u043f\u0440\u0438\u0441\u0458\u0435\u0442\u0438\u043c\u043e [&hellip;]<\/p>\n","protected":false},"author":2,"featured_media":3167,"comment_status":"open","ping_status":"open","sticky":false,"template":"","format":"standard","meta":{"footnotes":""},"categories":[10],"tags":[],"class_list":["post-3181","post","type-post","status-publish","format-standard","has-post-thumbnail","hentry","category-novosti"],"_links":{"self":[{"href":"https:\/\/prosvjeta.ba\/latinica\/wp-json\/wp\/v2\/posts\/3181","targetHints":{"allow":["GET"]}}],"collection":[{"href":"https:\/\/prosvjeta.ba\/latinica\/wp-json\/wp\/v2\/posts"}],"about":[{"href":"https:\/\/prosvjeta.ba\/latinica\/wp-json\/wp\/v2\/types\/post"}],"author":[{"embeddable":true,"href":"https:\/\/prosvjeta.ba\/latinica\/wp-json\/wp\/v2\/users\/2"}],"replies":[{"embeddable":true,"href":"https:\/\/prosvjeta.ba\/latinica\/wp-json\/wp\/v2\/comments?post=3181"}],"version-history":[{"count":2,"href":"https:\/\/prosvjeta.ba\/latinica\/wp-json\/wp\/v2\/posts\/3181\/revisions"}],"predecessor-version":[{"id":3191,"href":"https:\/\/prosvjeta.ba\/latinica\/wp-json\/wp\/v2\/posts\/3181\/revisions\/3191"}],"wp:featuredmedia":[{"embeddable":true,"href":"https:\/\/prosvjeta.ba\/latinica\/wp-json\/wp\/v2\/media\/3167"}],"wp:attachment":[{"href":"https:\/\/prosvjeta.ba\/latinica\/wp-json\/wp\/v2\/media?parent=3181"}],"wp:term":[{"taxonomy":"category","embeddable":true,"href":"https:\/\/prosvjeta.ba\/latinica\/wp-json\/wp\/v2\/categories?post=3181"},{"taxonomy":"post_tag","embeddable":true,"href":"https:\/\/prosvjeta.ba\/latinica\/wp-json\/wp\/v2\/tags?post=3181"}],"curies":[{"name":"wp","href":"https:\/\/api.w.org\/{rel}","templated":true}]}}