{"id":3193,"date":"2024-02-09T11:45:24","date_gmt":"2024-02-09T11:45:24","guid":{"rendered":"https:\/\/prosvjeta.ba\/?p=3193"},"modified":"2024-02-09T12:18:11","modified_gmt":"2024-02-09T12:18:11","slug":"poklon-iz-opce-biblioteke-vares","status":"publish","type":"post","link":"https:\/\/prosvjeta.ba\/latinica\/poklon-iz-opce-biblioteke-vares\/","title":{"rendered":"Poklon iz Op\u0107e biblioteke Vare\u0161"},"content":{"rendered":"<figure class=\"wp-block-image size-large\"><img fetchpriority=\"high\" decoding=\"async\" width=\"768\" height=\"1024\" src=\"https:\/\/prosvjeta.ba\/wp-content\/uploads\/2024\/02\/IMG_20240209_122112-768x1024.jpg\" alt=\"\" class=\"wp-image-3194\" srcset=\"https:\/\/prosvjeta.ba\/wp-content\/uploads\/2024\/02\/IMG_20240209_122112-768x1024.jpg 768w, https:\/\/prosvjeta.ba\/wp-content\/uploads\/2024\/02\/IMG_20240209_122112-225x300.jpg 225w, https:\/\/prosvjeta.ba\/wp-content\/uploads\/2024\/02\/IMG_20240209_122112-1152x1536.jpg 1152w, https:\/\/prosvjeta.ba\/wp-content\/uploads\/2024\/02\/IMG_20240209_122112-1536x2048.jpg 1536w, https:\/\/prosvjeta.ba\/wp-content\/uploads\/2024\/02\/IMG_20240209_122112-9x12.jpg 9w, https:\/\/prosvjeta.ba\/wp-content\/uploads\/2024\/02\/IMG_20240209_122112-scaled.jpg 1920w\" sizes=\"(max-width: 768px) 100vw, 768px\" \/><\/figure>\n\n\n\n<p>Hvala kolegama iz Op\u0107e biblioteke Vare\u0161, prije svega na lijepim rije\u010dima, a posebnu zahvalnost iskazujemo na uzvratnom poklonu u knjigama.<\/p>\n\n\n\n<p>Svaki poklon je veoma dragocjen kad se daje od srca, a pogotovo kada se radi o vrijednim i zna\u010dajnim knjigama koje smo mi primili od kolega iz Vare\u0161a.<br><br>Povezao nas je reprint \u201cSuton Ta\u0161lihana\u201d \u2013 Novak Simi\u0107, autor koji je ro\u0111en u rudarskom gradu Vare\u0161. Umjetnost, kultura, knji\u017eevnost povezuju l\u0458ude na sve mogu\u0107e na\u010dine. Knjige su te koje povezuju l\u0458ude i mjenjaju \u017eivot. Ka\u017eu: \u201cKoliko si knjiga pro\u010ditao, toliko si \u017eivota pro\u017eivio.\u201d \u010citajmo knjige i mjenjajmo svoj \u017eivot na bol\u0458e.<br><br>Hvala jo\u0161 jednom kolegama na tom dragocjenom poklonu.<br><br>\u017delimo nastaviti ovu uspje\u0161nu saradnju, na obostrano zadovol\u0458stvo, i u budu\u0107e.&nbsp;&nbsp;<\/p>\n\n\n\n<p>Dole, tekst iz Op\u0107e biblioteke Vare\u0161 upu\u0107en nama:<\/p>\n\n\n\n<figure class=\"wp-block-image size-large\"><img decoding=\"async\" width=\"724\" height=\"1024\" src=\"https:\/\/prosvjeta.ba\/wp-content\/uploads\/2024\/02\/Biblioteka_Vares_Zahvalnica_8_2_2024-724x1024.jpg\" alt=\"\" class=\"wp-image-3195\" srcset=\"https:\/\/prosvjeta.ba\/wp-content\/uploads\/2024\/02\/Biblioteka_Vares_Zahvalnica_8_2_2024-724x1024.jpg 724w, https:\/\/prosvjeta.ba\/wp-content\/uploads\/2024\/02\/Biblioteka_Vares_Zahvalnica_8_2_2024-212x300.jpg 212w, https:\/\/prosvjeta.ba\/wp-content\/uploads\/2024\/02\/Biblioteka_Vares_Zahvalnica_8_2_2024-768x1086.jpg 768w, https:\/\/prosvjeta.ba\/wp-content\/uploads\/2024\/02\/Biblioteka_Vares_Zahvalnica_8_2_2024-1086x1536.jpg 1086w, https:\/\/prosvjeta.ba\/wp-content\/uploads\/2024\/02\/Biblioteka_Vares_Zahvalnica_8_2_2024-1448x2048.jpg 1448w, https:\/\/prosvjeta.ba\/wp-content\/uploads\/2024\/02\/Biblioteka_Vares_Zahvalnica_8_2_2024-8x12.jpg 8w, https:\/\/prosvjeta.ba\/wp-content\/uploads\/2024\/02\/Biblioteka_Vares_Zahvalnica_8_2_2024-scaled.jpg 1810w\" sizes=\"(max-width: 724px) 100vw, 724px\" \/><\/figure>","protected":false},"excerpt":{"rendered":"<p>\u0425\u0432\u0430\u043b\u0430 \u043a\u043e\u043b\u0435\u0433\u0430\u043c\u0430 \u0438\u0437 \u041e\u043f\u045b\u0435 \u0431\u0438\u0431\u043b\u0438\u043e\u0442\u0435\u043a\u0435 \u0412\u0430\u0440\u0435\u0448, \u043f\u0440\u0438\u0458\u0435 \u0441\u0432\u0435\u0433\u0430, \u043d\u0430 \u043b\u0438\u0458\u0435\u043f\u0438\u043c \u0440\u0438\u0458\u0435\u0447\u0438\u043c\u0430, \u0430 \u043f\u043e\u0441\u0435\u0431\u043d\u0443 \u0437\u0430\u0445\u0432\u0430\u043b\u043d\u043e\u0441\u0442 \u0438\u0441\u043a\u0430\u0437\u0443\u0458\u0435\u043c\u043e \u043d\u0430 \u0443\u0437\u0432\u0440\u0430\u0442\u043d\u043e\u043c \u043f\u043e\u043a\u043b\u043e\u043d\u0443 \u0443 \u043a\u045a\u0438\u0433\u0430\u043c\u0430. \u0421\u0432\u0430\u043a\u0438 \u043f\u043e\u043a\u043b\u043e\u043d \u0458\u0435 \u0432\u0435\u043e\u043c\u0430 \u0434\u0440\u0430\u0433\u043e\u0446\u0458\u0435\u043d \u043a\u0430\u0434 \u0441\u0435 \u0434\u0430\u0458\u0435 \u043e\u0434 \u0441\u0440\u0446\u0430, \u0430 \u043f\u043e\u0433\u043e\u0442\u043e\u0432\u043e \u043a\u0430\u0434\u0430 \u0441\u0435 \u0440\u0430\u0434\u0438 \u043e \u0432\u0440\u0438\u0458\u0435\u0434\u043d\u0438\u043c \u0438 \u0437\u043d\u0430\u0447\u0430\u0458\u043d\u0438\u043c \u043a\u045a\u0438\u0433\u0430\u043c\u0430 \u043a\u043e\u0458\u0435 \u0441\u043c\u043e \u043c\u0438 \u043f\u0440\u0438\u043c\u0438\u043b\u0438 \u043e\u0434 \u043a\u043e\u043b\u0435\u0433\u0430 \u0438\u0437 \u0412\u0430\u0440\u0435\u0448\u0430. \u041f\u043e\u0432\u0435\u0437\u0430\u043e \u043d\u0430\u0441 \u0458\u0435 \u0440\u0435\u043f\u0440\u0438\u043d\u0442 \u201c\u0421\u0443\u0442\u043e\u043d \u0422\u0430\u0448\u043b\u0438\u0445\u0430\u043d\u0430\u201d &#8211; [&hellip;]<\/p>\n","protected":false},"author":2,"featured_media":3194,"comment_status":"open","ping_status":"open","sticky":false,"template":"","format":"standard","meta":{"footnotes":""},"categories":[10],"tags":[],"class_list":["post-3193","post","type-post","status-publish","format-standard","has-post-thumbnail","hentry","category-novosti"],"_links":{"self":[{"href":"https:\/\/prosvjeta.ba\/latinica\/wp-json\/wp\/v2\/posts\/3193","targetHints":{"allow":["GET"]}}],"collection":[{"href":"https:\/\/prosvjeta.ba\/latinica\/wp-json\/wp\/v2\/posts"}],"about":[{"href":"https:\/\/prosvjeta.ba\/latinica\/wp-json\/wp\/v2\/types\/post"}],"author":[{"embeddable":true,"href":"https:\/\/prosvjeta.ba\/latinica\/wp-json\/wp\/v2\/users\/2"}],"replies":[{"embeddable":true,"href":"https:\/\/prosvjeta.ba\/latinica\/wp-json\/wp\/v2\/comments?post=3193"}],"version-history":[{"count":2,"href":"https:\/\/prosvjeta.ba\/latinica\/wp-json\/wp\/v2\/posts\/3193\/revisions"}],"predecessor-version":[{"id":3197,"href":"https:\/\/prosvjeta.ba\/latinica\/wp-json\/wp\/v2\/posts\/3193\/revisions\/3197"}],"wp:featuredmedia":[{"embeddable":true,"href":"https:\/\/prosvjeta.ba\/latinica\/wp-json\/wp\/v2\/media\/3194"}],"wp:attachment":[{"href":"https:\/\/prosvjeta.ba\/latinica\/wp-json\/wp\/v2\/media?parent=3193"}],"wp:term":[{"taxonomy":"category","embeddable":true,"href":"https:\/\/prosvjeta.ba\/latinica\/wp-json\/wp\/v2\/categories?post=3193"},{"taxonomy":"post_tag","embeddable":true,"href":"https:\/\/prosvjeta.ba\/latinica\/wp-json\/wp\/v2\/tags?post=3193"}],"curies":[{"name":"wp","href":"https:\/\/api.w.org\/{rel}","templated":true}]}}