{"id":3198,"date":"2024-02-13T16:21:46","date_gmt":"2024-02-13T16:21:46","guid":{"rendered":"https:\/\/prosvjeta.ba\/?p=3198"},"modified":"2024-08-14T12:52:06","modified_gmt":"2024-08-14T11:52:06","slug":"pozivamo-vas-na-otvaranje-izlozbe-fasade-i-interijeri-gradova-svijeta","status":"publish","type":"post","link":"https:\/\/prosvjeta.ba\/latinica\/pozivamo-vas-na-otvaranje-izlozbe-fasade-i-interijeri-gradova-svijeta\/","title":{"rendered":"Pozivamo Vas na otvaranje izlo\u017ebe: \"Fasade i interijeri gradova svijeta\""},"content":{"rendered":"<figure class=\"wp-block-image size-large\"><img fetchpriority=\"high\" decoding=\"async\" width=\"669\" height=\"1024\" src=\"https:\/\/prosvjeta.ba\/wp-content\/uploads\/2024\/02\/SL-23-669x1024.jpg\" alt=\"\" class=\"wp-image-3199\" srcset=\"https:\/\/prosvjeta.ba\/wp-content\/uploads\/2024\/02\/SL-23-669x1024.jpg 669w, https:\/\/prosvjeta.ba\/wp-content\/uploads\/2024\/02\/SL-23-196x300.jpg 196w, https:\/\/prosvjeta.ba\/wp-content\/uploads\/2024\/02\/SL-23-768x1175.jpg 768w, https:\/\/prosvjeta.ba\/wp-content\/uploads\/2024\/02\/SL-23-1004x1536.jpg 1004w, https:\/\/prosvjeta.ba\/wp-content\/uploads\/2024\/02\/SL-23-1339x2048.jpg 1339w, https:\/\/prosvjeta.ba\/wp-content\/uploads\/2024\/02\/SL-23-8x12.jpg 8w, https:\/\/prosvjeta.ba\/wp-content\/uploads\/2024\/02\/SL-23-scaled.jpg 1674w\" sizes=\"(max-width: 669px) 100vw, 669px\" \/><\/figure>\n\n\n\n<p>U okviru ''Me\u0111unarodnog Festivala Sarajevska Zima\", predstavljamo vam samostalnu izlo\u017ebu \nArt fotografije pod nazivom \"Fasade i interijeri gradova svijeta\".<\/p>\n\n\n\n<p>Fasada je lice svake gra\u0111evine jer ju predstavlja vanjskom svijetu.<\/p>\n\n\n\n<figure class=\"wp-block-image size-large\"><img decoding=\"async\" width=\"1024\" height=\"575\" src=\"https:\/\/prosvjeta.ba\/wp-content\/uploads\/2024\/02\/SL-5-1024x575.jpg\" alt=\"\" class=\"wp-image-3200\" srcset=\"https:\/\/prosvjeta.ba\/wp-content\/uploads\/2024\/02\/SL-5-1024x575.jpg 1024w, https:\/\/prosvjeta.ba\/wp-content\/uploads\/2024\/02\/SL-5-300x168.jpg 300w, https:\/\/prosvjeta.ba\/wp-content\/uploads\/2024\/02\/SL-5-768x431.jpg 768w, https:\/\/prosvjeta.ba\/wp-content\/uploads\/2024\/02\/SL-5-1536x863.jpg 1536w, https:\/\/prosvjeta.ba\/wp-content\/uploads\/2024\/02\/SL-5-2048x1150.jpg 2048w, https:\/\/prosvjeta.ba\/wp-content\/uploads\/2024\/02\/SL-5-18x10.jpg 18w\" sizes=\"(max-width: 1024px) 100vw, 1024px\" \/><\/figure>\n\n\n\n<p>No, osim te estetske funkcije, bitnija je ona za\u0161titna, a to je pru\u017eanje sigurnosti i ugodnosti korisnicima te  za\u0161tita nosive konstrukcije od vanjskih uslova.<\/p>\n\n\n\n<figure class=\"wp-block-image size-large\"><img decoding=\"async\" width=\"1024\" height=\"1024\" src=\"https:\/\/prosvjeta.ba\/wp-content\/uploads\/2024\/02\/SL-8-1024x1024.jpeg\" alt=\"\" class=\"wp-image-3201\" srcset=\"https:\/\/prosvjeta.ba\/wp-content\/uploads\/2024\/02\/SL-8-1024x1024.jpeg 1024w, https:\/\/prosvjeta.ba\/wp-content\/uploads\/2024\/02\/SL-8-300x300.jpeg 300w, https:\/\/prosvjeta.ba\/wp-content\/uploads\/2024\/02\/SL-8-150x150.jpeg 150w, https:\/\/prosvjeta.ba\/wp-content\/uploads\/2024\/02\/SL-8-768x767.jpeg 768w, https:\/\/prosvjeta.ba\/wp-content\/uploads\/2024\/02\/SL-8-12x12.jpeg 12w, https:\/\/prosvjeta.ba\/wp-content\/uploads\/2024\/02\/SL-8-600x600.jpeg 600w, https:\/\/prosvjeta.ba\/wp-content\/uploads\/2024\/02\/SL-8.jpeg 1191w\" sizes=\"(max-width: 1024px) 100vw, 1024px\" \/><\/figure>\n\n\n\n<p>Sa druge strane, interijeri nas privla\u010de svojim detaljima i orginalnim rje\u0161enjima i idejama.<\/p>\n\n\n\n<p>Izlo\u017eba \u0107e se odr\u017eati u \u010detvrtak, 15.02.2024. u prostorijama SPKD \"Prosvjeta\" na adresi \nSime Milutinovi\u0107a Sarajlije 1, Sarajevo, sa po\u010detkom u 19 \u010dasova.<\/p>","protected":false},"excerpt":{"rendered":"<p>\u0423 \u043e\u043a\u0432\u0438\u0440\u0443 &#8221;\u041c\u0435\u0452\u0443\u043d\u0430\u0440\u043e\u0434\u043d\u043e\u0433 \u0424\u0435\u0441\u0442\u0438\u0432\u0430\u043b\u0430 \u0421\u0430\u0440\u0430\u0458\u0435\u0432\u0441\u043a\u0430 \u0417\u0438\u043c\u0430&#8221;, \u043f\u0440\u0435\u0434\u0441\u0442\u0430\u0432\u0459\u0430\u043c\u043e \u0432\u0430\u043c \u0441\u0430\u043c\u043e\u0441\u0442\u0430\u043b\u043d\u0443 \u0438\u0437\u043b\u043e\u0436\u0431\u0443 \u0410\u0440\u0442 \u0444\u043e\u0442\u043e\u0433\u0440\u0430\u0444\u0438\u0458\u0435 \u043f\u043e\u0434 \u043d\u0430\u0437\u0438\u0432\u043e\u043c &#8220;\u0424\u0430\u0441\u0430\u0434\u0435 \u0438 \u0438\u043d\u0442\u0435\u0440\u0438\u0458\u0435\u0440\u0438 \u0433\u0440\u0430\u0434\u043e\u0432\u0430 \u0441\u0432\u0438\u0458\u0435\u0442\u0430&#8221;. \u0424\u0430\u0441\u0430\u0434\u0430 \u0458\u0435 \u043b\u0438\u0446\u0435 \u0441\u0432\u0430\u043a\u0435 \u0433\u0440\u0430\u0452\u0435\u0432\u0438\u043d\u0435 \u0458\u0435\u0440 \u0458\u0443 \u043f\u0440\u0435\u0434\u0441\u0442\u0430\u0432\u0459\u0430 \u0432\u0430\u045a\u0441\u043a\u043e\u043c \u0441\u0432\u0438\u0458\u0435\u0442\u0443. \u041d\u043e, \u043e\u0441\u0438\u043c \u0442\u0435 \u0435\u0441\u0442\u0435\u0442\u0441\u043a\u0435 \u0444\u0443\u043d\u043a\u0446\u0438\u0458\u0435, \u0431\u0438\u0442\u043d\u0438\u0458\u0430 \u0458\u0435 \u043e\u043d\u0430 \u0437\u0430\u0448\u0442\u0438\u0442\u043d\u0430, \u0430 \u0442\u043e \u0458\u0435 \u043f\u0440\u0443\u0436\u0430\u045a\u0435 \u0441\u0438\u0433\u0443\u0440\u043d\u043e\u0441\u0442\u0438 \u0438 \u0443\u0433\u043e\u0434\u043d\u043e\u0441\u0442\u0438 \u043a\u043e\u0440\u0438\u0441\u043d\u0438\u0446\u0438\u043c\u0430 \u0442\u0435 \u0437\u0430\u0448\u0442\u0438\u0442\u0430 \u043d\u043e\u0441\u0438\u0432\u0435 \u043a\u043e\u043d\u0441\u0442\u0440\u0443\u043a\u0446\u0438\u0458\u0435 \u043e\u0434 \u0432\u0430\u045a\u0441\u043a\u0438\u0445 \u0443\u0441\u043b\u043e\u0432\u0430. \u0421\u0430 \u0434\u0440\u0443\u0433\u0435 [&hellip;]<\/p>\n","protected":false},"author":2,"featured_media":3202,"comment_status":"open","ping_status":"open","sticky":false,"template":"","format":"standard","meta":{"footnotes":""},"categories":[10],"tags":[],"class_list":["post-3198","post","type-post","status-publish","format-standard","has-post-thumbnail","hentry","category-novosti"],"_links":{"self":[{"href":"https:\/\/prosvjeta.ba\/latinica\/wp-json\/wp\/v2\/posts\/3198","targetHints":{"allow":["GET"]}}],"collection":[{"href":"https:\/\/prosvjeta.ba\/latinica\/wp-json\/wp\/v2\/posts"}],"about":[{"href":"https:\/\/prosvjeta.ba\/latinica\/wp-json\/wp\/v2\/types\/post"}],"author":[{"embeddable":true,"href":"https:\/\/prosvjeta.ba\/latinica\/wp-json\/wp\/v2\/users\/2"}],"replies":[{"embeddable":true,"href":"https:\/\/prosvjeta.ba\/latinica\/wp-json\/wp\/v2\/comments?post=3198"}],"version-history":[{"count":1,"href":"https:\/\/prosvjeta.ba\/latinica\/wp-json\/wp\/v2\/posts\/3198\/revisions"}],"predecessor-version":[{"id":3203,"href":"https:\/\/prosvjeta.ba\/latinica\/wp-json\/wp\/v2\/posts\/3198\/revisions\/3203"}],"wp:featuredmedia":[{"embeddable":true,"href":"https:\/\/prosvjeta.ba\/latinica\/wp-json\/wp\/v2\/media\/3202"}],"wp:attachment":[{"href":"https:\/\/prosvjeta.ba\/latinica\/wp-json\/wp\/v2\/media?parent=3198"}],"wp:term":[{"taxonomy":"category","embeddable":true,"href":"https:\/\/prosvjeta.ba\/latinica\/wp-json\/wp\/v2\/categories?post=3198"},{"taxonomy":"post_tag","embeddable":true,"href":"https:\/\/prosvjeta.ba\/latinica\/wp-json\/wp\/v2\/tags?post=3198"}],"curies":[{"name":"wp","href":"https:\/\/api.w.org\/{rel}","templated":true}]}}