{"id":3205,"date":"2024-02-19T11:06:11","date_gmt":"2024-02-19T11:06:11","guid":{"rendered":"https:\/\/prosvjeta.ba\/?p=3205"},"modified":"2024-02-19T11:55:22","modified_gmt":"2024-02-19T11:55:22","slug":"otvorena-izlozba-art-fotografije-pod-nazivom-fasade-i-interijeri-gradova-svijeta","status":"publish","type":"post","link":"https:\/\/prosvjeta.ba\/latinica\/otvorena-izlozba-art-fotografije-pod-nazivom-fasade-i-interijeri-gradova-svijeta\/","title":{"rendered":"Otvorena izlo\u017eba Art fotografije pod nazivom \u201cFasade i interijeri gradova svijeta\""},"content":{"rendered":"<p>U okviru ''Me\u0111unarodnog Festivala Sarajevska Zima\", otvorena samostalna izlo\u017eba Art fotografije pod nazivom \"Fasade i interijeri gradova svijeta\".<\/p>\n\n\n\n<figure class=\"wp-block-image size-large\"><img fetchpriority=\"high\" decoding=\"async\" width=\"589\" height=\"1024\" src=\"https:\/\/prosvjeta.ba\/wp-content\/uploads\/2024\/02\/SL-10-589x1024.jpeg\" alt=\"\" class=\"wp-image-3206\" srcset=\"https:\/\/prosvjeta.ba\/wp-content\/uploads\/2024\/02\/SL-10-589x1024.jpeg 589w, https:\/\/prosvjeta.ba\/wp-content\/uploads\/2024\/02\/SL-10-173x300.jpeg 173w, https:\/\/prosvjeta.ba\/wp-content\/uploads\/2024\/02\/SL-10-768x1335.jpeg 768w, https:\/\/prosvjeta.ba\/wp-content\/uploads\/2024\/02\/SL-10-884x1536.jpeg 884w, https:\/\/prosvjeta.ba\/wp-content\/uploads\/2024\/02\/SL-10-1178x2048.jpeg 1178w, https:\/\/prosvjeta.ba\/wp-content\/uploads\/2024\/02\/SL-10-7x12.jpeg 7w, https:\/\/prosvjeta.ba\/wp-content\/uploads\/2024\/02\/SL-10.jpeg 1284w\" sizes=\"(max-width: 589px) 100vw, 589px\" \/><\/figure>\n\n\n\n<p>Izlo\u017eba fotografija pod nazivom \"Fasade i interijeri gradova svijeta\", donosi izvanredan prikaz l\u0458epote arhitekture i \u017eivota iz razli\u010ditih dijelova svijeta. Kroz objektiv umjetnice i arhitektice Azre Hajradinovi\u0107 , gradovi postaju vi\u0161e od mjesta - postaju inspiracija, pri\u010da i simbol raznolikosti.<\/p>\n\n\n\n<figure class=\"wp-block-image size-large\"><img decoding=\"async\" width=\"1024\" height=\"768\" src=\"https:\/\/prosvjeta.ba\/wp-content\/uploads\/2024\/02\/foto_1_izlozba-1024x768.jpg\" alt=\"\" class=\"wp-image-3207\" srcset=\"https:\/\/prosvjeta.ba\/wp-content\/uploads\/2024\/02\/foto_1_izlozba-1024x768.jpg 1024w, https:\/\/prosvjeta.ba\/wp-content\/uploads\/2024\/02\/foto_1_izlozba-300x225.jpg 300w, https:\/\/prosvjeta.ba\/wp-content\/uploads\/2024\/02\/foto_1_izlozba-768x576.jpg 768w, https:\/\/prosvjeta.ba\/wp-content\/uploads\/2024\/02\/foto_1_izlozba-1536x1152.jpg 1536w, https:\/\/prosvjeta.ba\/wp-content\/uploads\/2024\/02\/foto_1_izlozba-16x12.jpg 16w, https:\/\/prosvjeta.ba\/wp-content\/uploads\/2024\/02\/foto_1_izlozba.jpg 1800w\" sizes=\"(max-width: 1024px) 100vw, 1024px\" \/><\/figure>\n\n\n\n<p>Fasada je lice svake gra\u0111evine jer je predstavl\u0458a vanjskom svijetu. No, osim te estetske funkcije, tu je i pru\u017eanje sigurnosti i ugodnosti korisnicima. Sa druge strane, interijeri nas privla\u010de svojim detal\u0458ima i originalnim rje\u0161enjima i idejama.<\/p>\n\n\n\n<figure class=\"wp-block-image size-large\"><img decoding=\"async\" width=\"1024\" height=\"768\" src=\"https:\/\/prosvjeta.ba\/wp-content\/uploads\/2024\/02\/foto_2_izlozba-1024x768.jpg\" alt=\"\" class=\"wp-image-3208\" srcset=\"https:\/\/prosvjeta.ba\/wp-content\/uploads\/2024\/02\/foto_2_izlozba-1024x768.jpg 1024w, https:\/\/prosvjeta.ba\/wp-content\/uploads\/2024\/02\/foto_2_izlozba-300x225.jpg 300w, https:\/\/prosvjeta.ba\/wp-content\/uploads\/2024\/02\/foto_2_izlozba-768x576.jpg 768w, https:\/\/prosvjeta.ba\/wp-content\/uploads\/2024\/02\/foto_2_izlozba-1536x1152.jpg 1536w, https:\/\/prosvjeta.ba\/wp-content\/uploads\/2024\/02\/foto_2_izlozba-16x12.jpg 16w, https:\/\/prosvjeta.ba\/wp-content\/uploads\/2024\/02\/foto_2_izlozba.jpg 1800w\" sizes=\"(max-width: 1024px) 100vw, 1024px\" \/><\/figure>\n\n\n\n<p>Izlo\u017eba je otvorena u \u010detvrtak, 15.02.2024. u prostorijama SPKD \"Prosvjeta\" na adresi Sime Milutinovi\u0107a Sarajlije 1, Sarajevo, i traje do 29.februara 2024.g.<\/p>\n\n\n\n<p>Radujemo se Va\u0161em dolasku kako bismo zajedno proslavili l\u0458epotu umjetnosti i kreativnosti.<\/p>","protected":false},"excerpt":{"rendered":"<p>\u0423 \u043e\u043a\u0432\u0438\u0440\u0443 &#8221;\u041c\u0435\u0452\u0443\u043d\u0430\u0440\u043e\u0434\u043d\u043e\u0433 \u0424\u0435\u0441\u0442\u0438\u0432\u0430\u043b\u0430 \u0421\u0430\u0440\u0430\u0458\u0435\u0432\u0441\u043a\u0430 \u0417\u0438\u043c\u0430&#8221;, \u043e\u0442\u0432\u043e\u0440\u0435\u043d\u0430 \u0441\u0430\u043c\u043e\u0441\u0442\u0430\u043b\u043d\u0430 \u0438\u0437\u043b\u043e\u0436\u0431\u0430 \u0410\u0440\u0442 \u0444\u043e\u0442\u043e\u0433\u0440\u0430\u0444\u0438\u0458\u0435 \u043f\u043e\u0434 \u043d\u0430\u0437\u0438\u0432\u043e\u043c &#8220;\u0424\u0430\u0441\u0430\u0434\u0435 \u0438 \u0438\u043d\u0442\u0435\u0440\u0438\u0458\u0435\u0440\u0438 \u0433\u0440\u0430\u0434\u043e\u0432\u0430 \u0441\u0432\u0438\u0458\u0435\u0442\u0430&#8221;. \u0418\u0437\u043b\u043e\u0436\u0431\u0430 \u0444\u043e\u0442\u043e\u0433\u0440\u0430\u0444\u0438\u0458\u0430 \u043f\u043e\u0434 \u043d\u0430\u0437\u0438\u0432\u043e\u043c &#8220;\u0424\u0430\u0441\u0430\u0434\u0435 \u0438 \u0438\u043d\u0442\u0435\u0440\u0438\u0458\u0435\u0440\u0438 \u0433\u0440\u0430\u0434\u043e\u0432\u0430 \u0441\u0432\u0438\u0458\u0435\u0442\u0430&#8221;, \u0434\u043e\u043d\u043e\u0441\u0438 \u0438\u0437\u0432\u0430\u043d\u0440\u0435\u0434\u0430\u043d \u043f\u0440\u0438\u043a\u0430\u0437 \u0459\u0435\u043f\u043e\u0442\u0435 \u0430\u0440\u0445\u0438\u0442\u0435\u043a\u0442\u0443\u0440\u0435 \u0438 \u0436\u0438\u0432\u043e\u0442\u0430 \u0438\u0437 \u0440\u0430\u0437\u043b\u0438\u0447\u0438\u0442\u0438\u0445 \u0434\u0438\u0458\u0435\u043b\u043e\u0432\u0430 \u0441\u0432\u0438\u0458\u0435\u0442\u0430. \u041a\u0440\u043e\u0437 \u043e\u0431\u0458\u0435\u043a\u0442\u0438\u0432 \u0443\u043c\u0458\u0435\u0442\u043d\u0438\u0446\u0435 \u0438 \u0430\u0440\u0445\u0438\u0442\u0435\u043a\u0442\u0438\u0446\u0435 \u0410\u0437\u0440\u0435 \u0425\u0430\u0458\u0440\u0430\u0434\u0438\u043d\u043e\u0432\u0438\u045b , \u0433\u0440\u0430\u0434\u043e\u0432\u0438 \u043f\u043e\u0441\u0442\u0430\u0458\u0443 \u0432\u0438\u0448\u0435 \u043e\u0434 \u043c\u0458\u0435\u0441\u0442\u0430 &#8211; \u043f\u043e\u0441\u0442\u0430\u0458\u0443 \u0438\u043d\u0441\u043f\u0438\u0440\u0430\u0446\u0438\u0458\u0430, \u043f\u0440\u0438\u0447\u0430 [&hellip;]<\/p>\n","protected":false},"author":2,"featured_media":3211,"comment_status":"open","ping_status":"open","sticky":false,"template":"","format":"standard","meta":{"footnotes":""},"categories":[10],"tags":[],"class_list":["post-3205","post","type-post","status-publish","format-standard","has-post-thumbnail","hentry","category-novosti"],"_links":{"self":[{"href":"https:\/\/prosvjeta.ba\/latinica\/wp-json\/wp\/v2\/posts\/3205","targetHints":{"allow":["GET"]}}],"collection":[{"href":"https:\/\/prosvjeta.ba\/latinica\/wp-json\/wp\/v2\/posts"}],"about":[{"href":"https:\/\/prosvjeta.ba\/latinica\/wp-json\/wp\/v2\/types\/post"}],"author":[{"embeddable":true,"href":"https:\/\/prosvjeta.ba\/latinica\/wp-json\/wp\/v2\/users\/2"}],"replies":[{"embeddable":true,"href":"https:\/\/prosvjeta.ba\/latinica\/wp-json\/wp\/v2\/comments?post=3205"}],"version-history":[{"count":2,"href":"https:\/\/prosvjeta.ba\/latinica\/wp-json\/wp\/v2\/posts\/3205\/revisions"}],"predecessor-version":[{"id":3212,"href":"https:\/\/prosvjeta.ba\/latinica\/wp-json\/wp\/v2\/posts\/3205\/revisions\/3212"}],"wp:featuredmedia":[{"embeddable":true,"href":"https:\/\/prosvjeta.ba\/latinica\/wp-json\/wp\/v2\/media\/3211"}],"wp:attachment":[{"href":"https:\/\/prosvjeta.ba\/latinica\/wp-json\/wp\/v2\/media?parent=3205"}],"wp:term":[{"taxonomy":"category","embeddable":true,"href":"https:\/\/prosvjeta.ba\/latinica\/wp-json\/wp\/v2\/categories?post=3205"},{"taxonomy":"post_tag","embeddable":true,"href":"https:\/\/prosvjeta.ba\/latinica\/wp-json\/wp\/v2\/tags?post=3205"}],"curies":[{"name":"wp","href":"https:\/\/api.w.org\/{rel}","templated":true}]}}