{"id":3221,"date":"2024-02-27T12:36:45","date_gmt":"2024-02-27T12:36:45","guid":{"rendered":"https:\/\/prosvjeta.ba\/?p=3221"},"modified":"2024-02-27T12:36:47","modified_gmt":"2024-02-27T12:36:47","slug":"prikazana-je-projekcija-dokumentarnog-filma-video-prica-swf-40","status":"publish","type":"post","link":"https:\/\/prosvjeta.ba\/latinica\/prikazana-je-projekcija-dokumentarnog-filma-video-prica-swf-40\/","title":{"rendered":"Prikazana je projekcija dokumentarnog filma \u2013 Video pri\u010da   SWF \"40+\""},"content":{"rendered":"<p>Dragi l\u0458ubitel\u0458i kulture i umjetnosti, u sklopu Festivala \u201cSarajevska zima\u201d u prostorijama SPKD \u201cProsvjeta\u201d Sarajevo, prikazana je projekcija dokumentarnog filma \u2013 Video pri\u010da SWF \u201c40+\u201d<\/p>\n\n\n\n<figure class=\"wp-block-image size-large\"><img fetchpriority=\"high\" decoding=\"async\" width=\"1024\" height=\"683\" src=\"https:\/\/prosvjeta.ba\/wp-content\/uploads\/2024\/02\/IMG_7749-1024x683.jpg\" alt=\"\" class=\"wp-image-3222\" srcset=\"https:\/\/prosvjeta.ba\/wp-content\/uploads\/2024\/02\/IMG_7749-1024x683.jpg 1024w, https:\/\/prosvjeta.ba\/wp-content\/uploads\/2024\/02\/IMG_7749-300x200.jpg 300w, https:\/\/prosvjeta.ba\/wp-content\/uploads\/2024\/02\/IMG_7749-768x512.jpg 768w, https:\/\/prosvjeta.ba\/wp-content\/uploads\/2024\/02\/IMG_7749-1536x1024.jpg 1536w, https:\/\/prosvjeta.ba\/wp-content\/uploads\/2024\/02\/IMG_7749-2048x1365.jpg 2048w, https:\/\/prosvjeta.ba\/wp-content\/uploads\/2024\/02\/IMG_7749-18x12.jpg 18w, https:\/\/prosvjeta.ba\/wp-content\/uploads\/2024\/02\/IMG_7749-1200x800.jpg 1200w\" sizes=\"(max-width: 1024px) 100vw, 1024px\" \/><\/figure>\n\n\n\n<p>U prostorijma SPKD \u201cProsvjeta\u201d, sve\u010dano smo obil\u0458e\u017eili \u010detiri decenije postojanja i zbivanja Me\u0111unarodnog festivala \u201cSarajevska zima\u201d u izuzetnoj projekciji filma \u201cVideo pri\u010da SWF 40+\u201d!<\/p>\n\n\n\n<figure class=\"wp-block-image size-large\"><img decoding=\"async\" width=\"1024\" height=\"683\" src=\"https:\/\/prosvjeta.ba\/wp-content\/uploads\/2024\/02\/IMG_7745-1024x683.jpg\" alt=\"\" class=\"wp-image-3223\" srcset=\"https:\/\/prosvjeta.ba\/wp-content\/uploads\/2024\/02\/IMG_7745-1024x683.jpg 1024w, https:\/\/prosvjeta.ba\/wp-content\/uploads\/2024\/02\/IMG_7745-300x200.jpg 300w, https:\/\/prosvjeta.ba\/wp-content\/uploads\/2024\/02\/IMG_7745-768x512.jpg 768w, https:\/\/prosvjeta.ba\/wp-content\/uploads\/2024\/02\/IMG_7745-1536x1024.jpg 1536w, https:\/\/prosvjeta.ba\/wp-content\/uploads\/2024\/02\/IMG_7745-2048x1365.jpg 2048w, https:\/\/prosvjeta.ba\/wp-content\/uploads\/2024\/02\/IMG_7745-18x12.jpg 18w, https:\/\/prosvjeta.ba\/wp-content\/uploads\/2024\/02\/IMG_7745-1200x800.jpg 1200w\" sizes=\"(max-width: 1024px) 100vw, 1024px\" \/><\/figure>\n\n\n\n<p>Ovaj poseban film predstavl\u0458a retrospektivu 40 godina festivala koji je neizbrisivo obil\u0458e\u017eio kulturnu scenu grada Sarajeva. Kroz niz emotivnih i inspirativnih trenutaka, \u201cVideo pri\u010da SWF 40+\u201d pru\u017ea vam uvid u bogatu istoriju festivala, isti\u010du\u0107i nezaboravne trenutke, umjetni\u010dke dosege i uticaj koji je imao na na\u0161 grad.<\/p>\n\n\n\n<figure class=\"wp-block-image size-large\"><img decoding=\"async\" width=\"1024\" height=\"683\" src=\"https:\/\/prosvjeta.ba\/wp-content\/uploads\/2024\/02\/IMG_7759-1024x683.jpg\" alt=\"\" class=\"wp-image-3224\" srcset=\"https:\/\/prosvjeta.ba\/wp-content\/uploads\/2024\/02\/IMG_7759-1024x683.jpg 1024w, https:\/\/prosvjeta.ba\/wp-content\/uploads\/2024\/02\/IMG_7759-300x200.jpg 300w, https:\/\/prosvjeta.ba\/wp-content\/uploads\/2024\/02\/IMG_7759-768x512.jpg 768w, https:\/\/prosvjeta.ba\/wp-content\/uploads\/2024\/02\/IMG_7759-1536x1024.jpg 1536w, https:\/\/prosvjeta.ba\/wp-content\/uploads\/2024\/02\/IMG_7759-2048x1365.jpg 2048w, https:\/\/prosvjeta.ba\/wp-content\/uploads\/2024\/02\/IMG_7759-18x12.jpg 18w, https:\/\/prosvjeta.ba\/wp-content\/uploads\/2024\/02\/IMG_7759-1200x800.jpg 1200w\" sizes=\"(max-width: 1024px) 100vw, 1024px\" \/><\/figure>\n\n\n\n<p>Do\u0111ite da pogledate u pro\u0161lost i obnovimo sje\u0107anje na spektakularne doga\u0111aje, umjetnike i sve one koji su doprinijeli stvaranju ove nevjerojatne festivalske pri\u010de.<\/p>\n\n\n\n<figure class=\"wp-block-image size-large\"><img loading=\"lazy\" decoding=\"async\" width=\"1024\" height=\"683\" src=\"https:\/\/prosvjeta.ba\/wp-content\/uploads\/2024\/02\/IMG_7746-1024x683.jpg\" alt=\"\" class=\"wp-image-3225\" srcset=\"https:\/\/prosvjeta.ba\/wp-content\/uploads\/2024\/02\/IMG_7746-1024x683.jpg 1024w, https:\/\/prosvjeta.ba\/wp-content\/uploads\/2024\/02\/IMG_7746-300x200.jpg 300w, https:\/\/prosvjeta.ba\/wp-content\/uploads\/2024\/02\/IMG_7746-768x512.jpg 768w, https:\/\/prosvjeta.ba\/wp-content\/uploads\/2024\/02\/IMG_7746-1536x1024.jpg 1536w, https:\/\/prosvjeta.ba\/wp-content\/uploads\/2024\/02\/IMG_7746-2048x1365.jpg 2048w, https:\/\/prosvjeta.ba\/wp-content\/uploads\/2024\/02\/IMG_7746-18x12.jpg 18w, https:\/\/prosvjeta.ba\/wp-content\/uploads\/2024\/02\/IMG_7746-1200x800.jpg 1200w\" sizes=\"(max-width: 1024px) 100vw, 1024px\" \/><\/figure>\n\n\n\n<p>Pored filma otvorena je izlo\u017eba plakata i fotografija sa de\u0161avanja Srajevska zima kroz vrijeme.<\/p>\n\n\n\n<figure class=\"wp-block-image size-large\"><img loading=\"lazy\" decoding=\"async\" width=\"1024\" height=\"683\" src=\"https:\/\/prosvjeta.ba\/wp-content\/uploads\/2024\/02\/IMG_7742-1024x683.jpg\" alt=\"\" class=\"wp-image-3226\" srcset=\"https:\/\/prosvjeta.ba\/wp-content\/uploads\/2024\/02\/IMG_7742-1024x683.jpg 1024w, https:\/\/prosvjeta.ba\/wp-content\/uploads\/2024\/02\/IMG_7742-300x200.jpg 300w, https:\/\/prosvjeta.ba\/wp-content\/uploads\/2024\/02\/IMG_7742-768x512.jpg 768w, https:\/\/prosvjeta.ba\/wp-content\/uploads\/2024\/02\/IMG_7742-1536x1024.jpg 1536w, https:\/\/prosvjeta.ba\/wp-content\/uploads\/2024\/02\/IMG_7742-2048x1365.jpg 2048w, https:\/\/prosvjeta.ba\/wp-content\/uploads\/2024\/02\/IMG_7742-18x12.jpg 18w, https:\/\/prosvjeta.ba\/wp-content\/uploads\/2024\/02\/IMG_7742-1200x800.jpg 1200w\" sizes=\"(max-width: 1024px) 100vw, 1024px\" \/><\/figure>","protected":false},"excerpt":{"rendered":"<p>\u0414\u0440\u0430\u0433\u0438 \u0459\u0443\u0431\u0438\u0442\u0435\u0459\u0438 \u043a\u0443\u043b\u0442\u0443\u0440\u0435 \u0438 \u0443\u043c\u0458\u0435\u0442\u043d\u043e\u0441\u0442\u0438, \u0443 \u0441\u043a\u043b\u043e\u043f\u0443 \u0424\u0435\u0441\u0442\u0438\u0432\u0430\u043b\u0430 \u201c\u0421\u0430\u0440\u0430\u0458\u0435\u0432\u0441\u043a\u0430 \u0437\u0438\u043c\u0430\u201d \u0443 \u043f\u0440\u043e\u0441\u0442\u043e\u0440\u0438\u0458\u0430\u043c\u0430 \u0421\u041f\u041a\u0414 \u201c\u041f\u0440\u043e\u0441\u0432\u0458\u0435\u0442\u0430\u201d \u0421\u0430\u0440\u0430\u0458\u0435\u0432\u043e, \u043f\u0440\u0438\u043a\u0430\u0437\u0430\u043d\u0430 \u0458\u0435 \u043f\u0440\u043e\u0458\u0435\u043a\u0446\u0438\u0458\u0430 \u0434\u043e\u043a\u0443\u043c\u0435\u043d\u0442\u0430\u0440\u043d\u043e\u0433 \u0444\u0438\u043b\u043c\u0430 \u2013 \u0412\u0438\u0434\u0435\u043e \u043f\u0440\u0438\u0447\u0430 SWF \u201c40+\u201d \u0423 \u043f\u0440\u043e\u0441\u0442\u043e\u0440\u0438\u0458\u043c\u0430 \u0421\u041f\u041a\u0414 \u201c\u041f\u0440\u043e\u0441\u0432\u0458\u0435\u0442\u0430\u201d, \u0441\u0432\u0435\u0447\u0430\u043d\u043e \u0441\u043c\u043e \u043e\u0431\u0438\u0459\u0435\u0436\u0438\u043b\u0438 \u0447\u0435\u0442\u0438\u0440\u0438 \u0434\u0435\u0446\u0435\u043d\u0438\u0458\u0435 \u043f\u043e\u0441\u0442\u043e\u0458\u0430\u045a\u0430 \u0438 \u0437\u0431\u0438\u0432\u0430\u045a\u0430 \u041c\u0435\u0452\u0443\u043d\u0430\u0440\u043e\u0434\u043d\u043e\u0433 \u0444\u0435\u0441\u0442\u0438\u0432\u0430\u043b\u0430 \u201c\u0421\u0430\u0440\u0430\u0458\u0435\u0432\u0441\u043a\u0430 \u0437\u0438\u043c\u0430\u201d \u0443 \u0438\u0437\u0443\u0437\u0435\u0442\u043d\u043e\u0458 \u043f\u0440\u043e\u0458\u0435\u043a\u0446\u0438\u0458\u0438 \u0444\u0438\u043b\u043c\u0430 \u201c\u0412\u0438\u0434\u0435\u043e \u043f\u0440\u0438\u0447\u0430 SWF 40+\u201d! \u041e\u0432\u0430\u0458 \u043f\u043e\u0441\u0435\u0431\u0430\u043d \u0444\u0438\u043b\u043c \u043f\u0440\u0435\u0434\u0441\u0442\u0430\u0432\u0459\u0430 \u0440\u0435\u0442\u0440\u043e\u0441\u043f\u0435\u043a\u0442\u0438\u0432\u0443 40 [&hellip;]<\/p>\n","protected":false},"author":2,"featured_media":3217,"comment_status":"open","ping_status":"open","sticky":false,"template":"","format":"standard","meta":{"footnotes":""},"categories":[10],"tags":[],"class_list":["post-3221","post","type-post","status-publish","format-standard","has-post-thumbnail","hentry","category-novosti"],"_links":{"self":[{"href":"https:\/\/prosvjeta.ba\/latinica\/wp-json\/wp\/v2\/posts\/3221","targetHints":{"allow":["GET"]}}],"collection":[{"href":"https:\/\/prosvjeta.ba\/latinica\/wp-json\/wp\/v2\/posts"}],"about":[{"href":"https:\/\/prosvjeta.ba\/latinica\/wp-json\/wp\/v2\/types\/post"}],"author":[{"embeddable":true,"href":"https:\/\/prosvjeta.ba\/latinica\/wp-json\/wp\/v2\/users\/2"}],"replies":[{"embeddable":true,"href":"https:\/\/prosvjeta.ba\/latinica\/wp-json\/wp\/v2\/comments?post=3221"}],"version-history":[{"count":1,"href":"https:\/\/prosvjeta.ba\/latinica\/wp-json\/wp\/v2\/posts\/3221\/revisions"}],"predecessor-version":[{"id":3227,"href":"https:\/\/prosvjeta.ba\/latinica\/wp-json\/wp\/v2\/posts\/3221\/revisions\/3227"}],"wp:featuredmedia":[{"embeddable":true,"href":"https:\/\/prosvjeta.ba\/latinica\/wp-json\/wp\/v2\/media\/3217"}],"wp:attachment":[{"href":"https:\/\/prosvjeta.ba\/latinica\/wp-json\/wp\/v2\/media?parent=3221"}],"wp:term":[{"taxonomy":"category","embeddable":true,"href":"https:\/\/prosvjeta.ba\/latinica\/wp-json\/wp\/v2\/categories?post=3221"},{"taxonomy":"post_tag","embeddable":true,"href":"https:\/\/prosvjeta.ba\/latinica\/wp-json\/wp\/v2\/tags?post=3221"}],"curies":[{"name":"wp","href":"https:\/\/api.w.org\/{rel}","templated":true}]}}