{"id":3229,"date":"2024-02-28T12:09:16","date_gmt":"2024-02-28T12:09:16","guid":{"rendered":"https:\/\/prosvjeta.ba\/?p=3229"},"modified":"2024-03-04T11:03:01","modified_gmt":"2024-03-04T11:03:01","slug":"novo-izdanje-spkd-prosvjeta-sarajevo-poezija-miodraga-zalice","status":"publish","type":"post","link":"https:\/\/prosvjeta.ba\/latinica\/novo-izdanje-spkd-prosvjeta-sarajevo-poezija-miodraga-zalice\/","title":{"rendered":"Novo izdanje SPKD \u201cProsvjeta\u201d Sarajevo \u2013 Poezija Miodraga \u017dalice"},"content":{"rendered":"<p>Miodrag \u017dalica nas uvodi u svoj poeti\u010dni svijet kroz knjigu poezije koja istra\u017euje dubine ljudskih emocija. <\/p>\n\n\n\n<figure class=\"wp-block-image size-large\"><img fetchpriority=\"high\" decoding=\"async\" width=\"1024\" height=\"661\" src=\"https:\/\/prosvjeta.ba\/wp-content\/uploads\/2024\/02\/IMG_20240228_110315-1024x661.jpg\" alt=\"\" class=\"wp-image-3231\" srcset=\"https:\/\/prosvjeta.ba\/wp-content\/uploads\/2024\/02\/IMG_20240228_110315-1024x661.jpg 1024w, https:\/\/prosvjeta.ba\/wp-content\/uploads\/2024\/02\/IMG_20240228_110315-300x194.jpg 300w, https:\/\/prosvjeta.ba\/wp-content\/uploads\/2024\/02\/IMG_20240228_110315-768x496.jpg 768w, https:\/\/prosvjeta.ba\/wp-content\/uploads\/2024\/02\/IMG_20240228_110315-1536x992.jpg 1536w, https:\/\/prosvjeta.ba\/wp-content\/uploads\/2024\/02\/IMG_20240228_110315-2048x1322.jpg 2048w, https:\/\/prosvjeta.ba\/wp-content\/uploads\/2024\/02\/IMG_20240228_110315-18x12.jpg 18w\" sizes=\"(max-width: 1024px) 100vw, 1024px\" \/><\/figure>\n\n\n\n<p>Njegove pjesme istra\u017euju ljubav, bunt i nadahnu\u0107e na na\u010din koji \u0107e vas o\u010darati i potaknuti na razmi\u0161ljanje. <\/p>\n\n\n\n<figure class=\"wp-block-image size-large\"><img decoding=\"async\" width=\"1024\" height=\"663\" src=\"https:\/\/prosvjeta.ba\/wp-content\/uploads\/2024\/02\/IMG_20240228_110400-1024x663.jpg\" alt=\"\" class=\"wp-image-3232\" srcset=\"https:\/\/prosvjeta.ba\/wp-content\/uploads\/2024\/02\/IMG_20240228_110400-1024x663.jpg 1024w, https:\/\/prosvjeta.ba\/wp-content\/uploads\/2024\/02\/IMG_20240228_110400-300x194.jpg 300w, https:\/\/prosvjeta.ba\/wp-content\/uploads\/2024\/02\/IMG_20240228_110400-768x497.jpg 768w, https:\/\/prosvjeta.ba\/wp-content\/uploads\/2024\/02\/IMG_20240228_110400-1536x995.jpg 1536w, https:\/\/prosvjeta.ba\/wp-content\/uploads\/2024\/02\/IMG_20240228_110400-2048x1326.jpg 2048w, https:\/\/prosvjeta.ba\/wp-content\/uploads\/2024\/02\/IMG_20240228_110400-18x12.jpg 18w\" sizes=\"(max-width: 1024px) 100vw, 1024px\" \/><\/figure>\n\n\n\n<p>Kroz igru rije\u010dima, \u017dalica stvara jedinstveni svijet koji \u0107e vas zaintrigirati i inspirisati. <\/p>\n\n\n\n<figure class=\"wp-block-image size-large\"><img decoding=\"async\" width=\"1024\" height=\"685\" src=\"https:\/\/prosvjeta.ba\/wp-content\/uploads\/2024\/02\/IMG_20240228_110528-1024x685.jpg\" alt=\"\" class=\"wp-image-3233\" srcset=\"https:\/\/prosvjeta.ba\/wp-content\/uploads\/2024\/02\/IMG_20240228_110528-1024x685.jpg 1024w, https:\/\/prosvjeta.ba\/wp-content\/uploads\/2024\/02\/IMG_20240228_110528-300x201.jpg 300w, https:\/\/prosvjeta.ba\/wp-content\/uploads\/2024\/02\/IMG_20240228_110528-768x514.jpg 768w, https:\/\/prosvjeta.ba\/wp-content\/uploads\/2024\/02\/IMG_20240228_110528-1536x1028.jpg 1536w, https:\/\/prosvjeta.ba\/wp-content\/uploads\/2024\/02\/IMG_20240228_110528-2048x1371.jpg 2048w, https:\/\/prosvjeta.ba\/wp-content\/uploads\/2024\/02\/IMG_20240228_110528-18x12.jpg 18w\" sizes=\"(max-width: 1024px) 100vw, 1024px\" \/><\/figure>\n\n\n\n<p>Ova knjiga nudi \u010ditaocima priliku da otkriju nevjerovatnu snagu poeti\u010dnog izraza i u\u017eivaju u putovanju kroz ma\u0161toviti svijet ovog talentovanog pjesnika. <\/p>\n\n\n\n<figure class=\"wp-block-image size-large\"><img loading=\"lazy\" decoding=\"async\" width=\"1024\" height=\"599\" src=\"https:\/\/prosvjeta.ba\/wp-content\/uploads\/2024\/02\/IMG_20240228_110450-1024x599.jpg\" alt=\"\" class=\"wp-image-3234\" srcset=\"https:\/\/prosvjeta.ba\/wp-content\/uploads\/2024\/02\/IMG_20240228_110450-1024x599.jpg 1024w, https:\/\/prosvjeta.ba\/wp-content\/uploads\/2024\/02\/IMG_20240228_110450-300x176.jpg 300w, https:\/\/prosvjeta.ba\/wp-content\/uploads\/2024\/02\/IMG_20240228_110450-768x449.jpg 768w, https:\/\/prosvjeta.ba\/wp-content\/uploads\/2024\/02\/IMG_20240228_110450-1536x899.jpg 1536w, https:\/\/prosvjeta.ba\/wp-content\/uploads\/2024\/02\/IMG_20240228_110450-2048x1199.jpg 2048w, https:\/\/prosvjeta.ba\/wp-content\/uploads\/2024\/02\/IMG_20240228_110450-18x12.jpg 18w\" sizes=\"(max-width: 1024px) 100vw, 1024px\" \/><\/figure>\n\n\n\n<p>Ilustraciju knjige radio je Ismar \u017dalica.<\/p>\n\n\n\n<p>''U cjelini, \u017dalicina poezija predstavlja jedno od najznakovitijih ostvarenja bosanskohercegova\u010dke moderne.\"<\/p>\n\n\n\n<p><em>Hanifa Kapid\u017ei\u0107 \u2013 Osmanagi\u0107<\/em><\/p>\n\n\n\n<p>''Za Miodraga \u017dalicu je \u010dovjek odista \u2018gra\u0111a od koje se prave snovi\u2019.''<\/p>\n\n\n\n<p><em>Josip Le\u0161i\u0107<\/em><\/p>\n\n\n\n<p>''O kakvom se pjesniku radi kazuje i to da su lekseme ljubav, voljeti i njihove izvedenice oko sebe formirale vi\u0161e od \u010detrdest stihova, dok rije\u010d mr\u017enja\/mrziti jednostavno ne postoji u pjesni\u010dkom jeziku Miodraga \u017dalice'' <\/p>\n\n\n\n<p>(...)<\/p>\n\n\n\n<p>Miodrag \u017dalica je pripadao nara\u0161taju kojem je rat oduzeo djetinjstvo i odrastanje. Kada se rat zavr\u0161io imao je osamnaest godina, vjerovao u ljubav i pisao pjesme o ljubavi. Umro je u okupiranom dijelu Sarajeva uz svoju ljubav, 1992. godine, u vremenu ispunjenom mr\u017enjom. Zato ovi njegovi davni stihovi zvu\u010de gotovo proro\u010danski&nbsp;<em>Svi smo djeca ljubavi \/ Koja su od ljubavi izgubila. ''<\/em>.&nbsp;&#8221;<\/p>\n\n\n\n<p>&nbsp;<em>Iz predgovora Dijane Had\u017eizuki\u0107<\/em><\/p>","protected":false},"excerpt":{"rendered":"<p>\u041c\u0438\u043e\u0434\u0440\u0430\u0433 \u0416\u0430\u043b\u0438\u0446\u0430 \u043d\u0430\u0441 \u0443\u0432\u043e\u0434\u0438 \u0443 \u0441\u0432\u043e\u0458 \u043f\u043e\u0435\u0442\u0438\u0447\u043d\u0438 \u0441\u0432\u0438\u0458\u0435\u0442 \u043a\u0440\u043e\u0437 \u043a\u045a\u0438\u0433\u0443 \u043f\u043e\u0435\u0437\u0438\u0458\u0435 \u043a\u043e\u0458\u0430 \u0438\u0441\u0442\u0440\u0430\u0436\u0443\u0458\u0435 \u0434\u0443\u0431\u0438\u043d\u0435 \u0459\u0443\u0434\u0441\u043a\u0438\u0445 \u0435\u043c\u043e\u0446\u0438\u0458\u0430. \u040a\u0435\u0433\u043e\u0432\u0435 \u043f\u0458\u0435\u0441\u043c\u0435 \u0438\u0441\u0442\u0440\u0430\u0436\u0443\u0458\u0443 \u0459\u0443\u0431\u0430\u0432, \u0431\u0443\u043d\u0442 \u0438 \u043d\u0430\u0434\u0430\u0445\u043d\u0443\u045b\u0435 \u043d\u0430 \u043d\u0430\u0447\u0438\u043d \u043a\u043e\u0458\u0438 \u045b\u0435 \u0432\u0430\u0441 \u043e\u0447\u0430\u0440\u0430\u0442\u0438 \u0438 \u043f\u043e\u0442\u0430\u043a\u043d\u0443\u0442\u0438 \u043d\u0430 \u0440\u0430\u0437\u043c\u0438\u0448\u0459\u0430\u045a\u0435. \u041a\u0440\u043e\u0437 \u0438\u0433\u0440\u0443 \u0440\u0438\u0458\u0435\u0447\u0438\u043c\u0430, \u0416\u0430\u043b\u0438\u0446\u0430 \u0441\u0442\u0432\u0430\u0440\u0430 \u0458\u0435\u0434\u0438\u043d\u0441\u0442\u0432\u0435\u043d\u0438 \u0441\u0432\u0438\u0458\u0435\u0442 \u043a\u043e\u0458\u0438 \u045b\u0435 \u0432\u0430\u0441 \u0437\u0430\u0438\u043d\u0442\u0440\u0438\u0433\u0438\u0440\u0430\u0442\u0438 \u0438 \u0438\u043d\u0441\u043f\u0438\u0440\u0438\u0441\u0430\u0442\u0438. \u041e\u0432\u0430 \u043a\u045a\u0438\u0433\u0430 \u043d\u0443\u0434\u0438 \u0447\u0438\u0442\u0430\u043e\u0446\u0438\u043c\u0430 \u043f\u0440\u0438\u043b\u0438\u043a\u0443 \u0434\u0430 \u043e\u0442\u043a\u0440\u0438\u0458\u0443 \u043d\u0435\u0432\u0458\u0435\u0440\u043e\u0432\u0430\u0442\u043d\u0443 \u0441\u043d\u0430\u0433\u0443 [&hellip;]<\/p>\n","protected":false},"author":2,"featured_media":3230,"comment_status":"open","ping_status":"open","sticky":false,"template":"","format":"standard","meta":{"footnotes":""},"categories":[10],"tags":[],"class_list":["post-3229","post","type-post","status-publish","format-standard","has-post-thumbnail","hentry","category-novosti"],"_links":{"self":[{"href":"https:\/\/prosvjeta.ba\/latinica\/wp-json\/wp\/v2\/posts\/3229","targetHints":{"allow":["GET"]}}],"collection":[{"href":"https:\/\/prosvjeta.ba\/latinica\/wp-json\/wp\/v2\/posts"}],"about":[{"href":"https:\/\/prosvjeta.ba\/latinica\/wp-json\/wp\/v2\/types\/post"}],"author":[{"embeddable":true,"href":"https:\/\/prosvjeta.ba\/latinica\/wp-json\/wp\/v2\/users\/2"}],"replies":[{"embeddable":true,"href":"https:\/\/prosvjeta.ba\/latinica\/wp-json\/wp\/v2\/comments?post=3229"}],"version-history":[{"count":3,"href":"https:\/\/prosvjeta.ba\/latinica\/wp-json\/wp\/v2\/posts\/3229\/revisions"}],"predecessor-version":[{"id":3238,"href":"https:\/\/prosvjeta.ba\/latinica\/wp-json\/wp\/v2\/posts\/3229\/revisions\/3238"}],"wp:featuredmedia":[{"embeddable":true,"href":"https:\/\/prosvjeta.ba\/latinica\/wp-json\/wp\/v2\/media\/3230"}],"wp:attachment":[{"href":"https:\/\/prosvjeta.ba\/latinica\/wp-json\/wp\/v2\/media?parent=3229"}],"wp:term":[{"taxonomy":"category","embeddable":true,"href":"https:\/\/prosvjeta.ba\/latinica\/wp-json\/wp\/v2\/categories?post=3229"},{"taxonomy":"post_tag","embeddable":true,"href":"https:\/\/prosvjeta.ba\/latinica\/wp-json\/wp\/v2\/tags?post=3229"}],"curies":[{"name":"wp","href":"https:\/\/api.w.org\/{rel}","templated":true}]}}