{"id":3239,"date":"2024-03-05T10:46:09","date_gmt":"2024-03-05T10:46:09","guid":{"rendered":"https:\/\/prosvjeta.ba\/?p=3239"},"modified":"2024-03-05T10:46:12","modified_gmt":"2024-03-05T10:46:12","slug":"pozivamo-vas-na-druzenje-povodom-medjunarodnog-praznika-dana-zena","status":"publish","type":"post","link":"https:\/\/prosvjeta.ba\/latinica\/pozivamo-vas-na-druzenje-povodom-medjunarodnog-praznika-dana-zena\/","title":{"rendered":"Pozivamo vas na dru\u017eenje povodom me\u0111unarodnog praznika \u2013 Dana \u017eena"},"content":{"rendered":"<p>Sa zadovoljstvom vas pozivamo na dru\u017eenje povodom Dana \u017eena, koje organizuje Klub \u017eena \"Mis Irbi\". U \u010dast svih \u017eena, kako onih koje su ostavile neizbrisiv trag u istoriji, tako i onih koje svakodnevno pokazuju neizmjernu snagu, hrabrost i inspiraciju.<\/p>\n\n\n\n<p>Datum i vrijeme: \u010cetvrtak, 7. marta, s po\u010detkom u 17:00 \u010dasova<\/p>\n\n\n\n<p>Lokacija: SPKD \"Prosvjeta\", Sarajevo<\/p>\n\n\n\n<p>Ovaj poseban doga\u0111aj \u0107e biti popra\u0107en bogatim programom.<\/p>\n\n\n\n<p>Uz sve\u010dani do\u010dek i toplu dobrodo\u0161licu, o\u010dekuje vas izuzetan muzi\u010dki program.<\/p>\n\n\n\n<p>Pored muzi\u010dkog programa, ima\u0107emo inspirativni govor o va\u017enosti solidarnosti i podr\u0161ke me\u0111u \u017eenama.<\/p>\n\n\n\n<p>Ovo ve\u010de \u0107e biti prilika da zajedno proslavimo \u017eensku snagu, dostignu\u0107a i bezgrani\u010dnu ljubav koja nas povezuje.<\/p>\n\n\n\n<p>Pozivamo vas da nam se pridru\u017eite u ovom posebnom doga\u0111aju dok zajedno proslavljamo Me\u0111unarodni dan \u017eena.<\/p>\n\n\n\n<p>Srda\u010dno,<\/p>\n\n\n\n<p>Klub \u017eena \"Mis Irbi\"<\/p>","protected":false},"excerpt":{"rendered":"<p>\u041f\u043e\u0437\u0438\u0432<\/p>","protected":false},"author":2,"featured_media":3240,"comment_status":"open","ping_status":"open","sticky":false,"template":"","format":"standard","meta":{"footnotes":""},"categories":[10],"tags":[],"class_list":["post-3239","post","type-post","status-publish","format-standard","has-post-thumbnail","hentry","category-novosti"],"_links":{"self":[{"href":"https:\/\/prosvjeta.ba\/latinica\/wp-json\/wp\/v2\/posts\/3239","targetHints":{"allow":["GET"]}}],"collection":[{"href":"https:\/\/prosvjeta.ba\/latinica\/wp-json\/wp\/v2\/posts"}],"about":[{"href":"https:\/\/prosvjeta.ba\/latinica\/wp-json\/wp\/v2\/types\/post"}],"author":[{"embeddable":true,"href":"https:\/\/prosvjeta.ba\/latinica\/wp-json\/wp\/v2\/users\/2"}],"replies":[{"embeddable":true,"href":"https:\/\/prosvjeta.ba\/latinica\/wp-json\/wp\/v2\/comments?post=3239"}],"version-history":[{"count":1,"href":"https:\/\/prosvjeta.ba\/latinica\/wp-json\/wp\/v2\/posts\/3239\/revisions"}],"predecessor-version":[{"id":3241,"href":"https:\/\/prosvjeta.ba\/latinica\/wp-json\/wp\/v2\/posts\/3239\/revisions\/3241"}],"wp:featuredmedia":[{"embeddable":true,"href":"https:\/\/prosvjeta.ba\/latinica\/wp-json\/wp\/v2\/media\/3240"}],"wp:attachment":[{"href":"https:\/\/prosvjeta.ba\/latinica\/wp-json\/wp\/v2\/media?parent=3239"}],"wp:term":[{"taxonomy":"category","embeddable":true,"href":"https:\/\/prosvjeta.ba\/latinica\/wp-json\/wp\/v2\/categories?post=3239"},{"taxonomy":"post_tag","embeddable":true,"href":"https:\/\/prosvjeta.ba\/latinica\/wp-json\/wp\/v2\/tags?post=3239"}],"curies":[{"name":"wp","href":"https:\/\/api.w.org\/{rel}","templated":true}]}}