{"id":3261,"date":"2024-03-14T13:43:50","date_gmt":"2024-03-14T13:43:50","guid":{"rendered":"https:\/\/prosvjeta.ba\/?p=3261"},"modified":"2024-03-15T08:59:23","modified_gmt":"2024-03-15T08:59:23","slug":"otvorenje-kolektivne-izlozbe-povratak","status":"publish","type":"post","link":"https:\/\/prosvjeta.ba\/latinica\/otvorenje-kolektivne-izlozbe-povratak\/","title":{"rendered":"Otvorenje kolektivne izlo\u017ebe \"Povratak\""},"content":{"rendered":"<p>Srda\u010dno vas pozivamo na otvorenje kolektivne izlo\u017ebe, koja \u0107e se odr\u017eati u galerijskom prostoru SPKD \"Prosvjeta\", u subotu 16.03.2024. sa po\u010detkom u 19h., ul. Sime Milutinovi\u0107a Sarajlije 1<\/p>\n\n\n\n<p>Dobrodo\u0161li!<\/p>\n\n\n\n<p>KONCEPT IZLO\u017dBE \u201ePovratak\u201c<\/p>\n\n\n\n<p>\"Povratak \u010dovjeka prirodi: Umjetni\u010dko putovanje ponovne povezanosti\" u Sarajevu je vi\u0161e od samo izlo\u017ebe umjetnosti. Slu\u017ei kao poziv na razmi\u0161ljanje o susretu izme\u0111u umjetnosti i prirode te njihovom potencijalu za poticanje konkretnih ekolo\u0161kih akcija. Fuzija umjetnosti i prirode kao katalizator promjene u okoli\u0161u klju\u010dna je tema ovog doga\u0111aja. Sudjelovanje mladih umjetnika u pokretu umjetnost-okoli\u0161a pokazuje kako energija i kreativnost mladih mogu otvoriti put prema odr\u017eivijoj budu\u0107nosti, inspiriraju\u0107i druge da slijede njihov primjer. Odabir Sarajeva kao mjesta za ovu interakciju izme\u0111u umjetnosti i prirode isti\u010de grad kao simbol nade i otpornosti, nagla\u0161avaju\u0107i mogu\u0107nost obnove \u010dak i u te\u0161kim uvjetima. Umjetnost, u svojim razli\u010ditim oblicima, slu\u017ei kao most za ponovnu povezanost s na\u0161om prirodnom su\u0161tinom, nude\u0107i ogledalo za razmi\u0161ljanje o na\u0161oj izgubljenoj povezanosti s prirodom. Nadalje, suvremeni umjetnici koriste svoja djela kako bi potaknuli dijalog o eti\u010dkim dilemama o\u010duvanja okoli\u0161a, izazivaju\u0107i duboko promi\u0161ljanje kod gledatelja. Mo\u0107 transformacije umjetnosti u ekolo\u0161koj svijesti jasno se o\u010dituje kroz inspirativne pri\u010de i projekte predstavljene na izlo\u017ebi. Svako umjetni\u010dko djelo postaje svjedo\u010danstvo na\u0161e veze s prirodom, budu\u0107i da budi ekolo\u0161ku svijest i inspirira istinski anga\u017eman s planetom. Kroz razli\u010dite umjetni\u010dke izraze, izlo\u017eba nudi raznolike perspektive o na\u0161oj intrinzi\u010dnoj povezanosti s prirodnim svijetom, inspiriraju\u0107i odr\u017eivu budu\u0107nost oblikovanu kreativno\u0161\u0107u. Ovaj kompendij refleksija duboko uranja u kako simbioza izme\u0111u umjetnosti i prirode mo\u017ee poslu\u017eiti kao mo\u0107an katalizator promjene u okoli\u0161u, ozna\u010davaju\u0107i prije i poslije u na\u0161em poimanju i odgovornosti prema planeti. Sadr\u017eaj je usmjeren \u0161irokoj publici i usvaja kreativan ton kako bi uklju\u010dio \u010ditatelje ili gledatelje u transformiraju\u0107i dijalog izme\u0111u umjetnosti i prirode.<\/p>\n\n\n\n<p>Rasim Masli\u0107<\/p>","protected":false},"excerpt":{"rendered":"<p>\u0421\u0440\u0434\u0430\u0447\u043d\u043e \u0432\u0430\u0441 \u043f\u043e\u0437\u0438\u0432\u0430\u043c\u043e \u043d\u0430 \u043e\u0442\u0432\u043e\u0440\u0435\u045a\u0435 \u043a\u043e\u043b\u0435\u043a\u0442\u0438\u0432\u043d\u0435 \u0438\u0437\u043b\u043e\u0436\u0431\u0435, \u043f\u043e\u0434 \u043d\u0430\u0437\u0438\u0432\u043e\u043c &#8220;\u041f\u043e\u0432\u0440\u0430\u0442\u0430\u043a&#8221; \u043a\u043e\u0458\u0430 \u045b\u0435 \u0441\u0435 \u043e\u0434\u0440\u0436\u0430\u0442\u0438 \u0443 \u0433\u0430\u043b\u0435\u0440\u0438\u0458\u0441\u043a\u043e\u043c \u043f\u0440\u043e\u0441\u0442\u043e\u0440\u0443 \u0421\u041f\u041a\u0414 &#8220;\u041f\u0440\u043e\u0441\u0432\u0458\u0435\u0442\u0430&#8221;, \u0443 \u0441\u0443\u0431\u043e\u0442\u0443 16.03.2024. \u0441\u0430 \u043f\u043e\u0447\u0435\u0442\u043a\u043e\u043c \u0443 19\u0445., \u0443\u043b. \u0421\u0438\u043c\u0435 \u041c\u0438\u043b\u0443\u0442\u0438\u043d\u043e\u0432\u0438\u045b\u0430 \u0421\u0430\u0440\u0430\u0458\u043b\u0438\u0458\u0435 1. \u0414\u043e\u0431\u0440\u043e\u0434\u043e\u0448\u043b\u0438! \u041a\u041e\u041d\u0426\u0415\u041f\u0422 \u0418\u0417\u041b\u041e\u0416\u0411\u0415 \u201e\u041f\u043e\u0432\u0440\u0430\u0442\u0430\u043a\u201c &#8220;\u041f\u043e\u0432\u0440\u0430\u0442\u0430\u043a \u0447\u043e\u0432\u0458\u0435\u043a\u0430 \u043f\u0440\u0438\u0440\u043e\u0434\u0438: \u0423\u043c\u0458\u0435\u0442\u043d\u0438\u0447\u043a\u043e \u043f\u0443\u0442\u043e\u0432\u0430\u045a\u0435 \u043f\u043e\u043d\u043e\u0432\u043d\u0435 \u043f\u043e\u0432\u0435\u0437\u0430\u043d\u043e\u0441\u0442\u0438&#8221; \u0443 \u0421\u0430\u0440\u0430\u0458\u0435\u0432\u0443 \u0458\u0435 \u0432\u0438\u0448\u0435 \u043e\u0434 \u0441\u0430\u043c\u043e \u0438\u0437\u043b\u043e\u0436\u0431\u0435 \u0443\u043c\u0458\u0435\u0442\u043d\u043e\u0441\u0442\u0438. \u0421\u043b\u0443\u0436\u0438 \u043a\u0430\u043e \u043f\u043e\u0437\u0438\u0432 \u043d\u0430 \u0440\u0430\u0437\u043c\u0438\u0448\u0459\u0430\u045a\u0435 [&hellip;]<\/p>\n","protected":false},"author":2,"featured_media":3262,"comment_status":"open","ping_status":"open","sticky":false,"template":"","format":"standard","meta":{"footnotes":""},"categories":[10],"tags":[],"class_list":["post-3261","post","type-post","status-publish","format-standard","has-post-thumbnail","hentry","category-novosti"],"_links":{"self":[{"href":"https:\/\/prosvjeta.ba\/latinica\/wp-json\/wp\/v2\/posts\/3261","targetHints":{"allow":["GET"]}}],"collection":[{"href":"https:\/\/prosvjeta.ba\/latinica\/wp-json\/wp\/v2\/posts"}],"about":[{"href":"https:\/\/prosvjeta.ba\/latinica\/wp-json\/wp\/v2\/types\/post"}],"author":[{"embeddable":true,"href":"https:\/\/prosvjeta.ba\/latinica\/wp-json\/wp\/v2\/users\/2"}],"replies":[{"embeddable":true,"href":"https:\/\/prosvjeta.ba\/latinica\/wp-json\/wp\/v2\/comments?post=3261"}],"version-history":[{"count":3,"href":"https:\/\/prosvjeta.ba\/latinica\/wp-json\/wp\/v2\/posts\/3261\/revisions"}],"predecessor-version":[{"id":3266,"href":"https:\/\/prosvjeta.ba\/latinica\/wp-json\/wp\/v2\/posts\/3261\/revisions\/3266"}],"wp:featuredmedia":[{"embeddable":true,"href":"https:\/\/prosvjeta.ba\/latinica\/wp-json\/wp\/v2\/media\/3262"}],"wp:attachment":[{"href":"https:\/\/prosvjeta.ba\/latinica\/wp-json\/wp\/v2\/media?parent=3261"}],"wp:term":[{"taxonomy":"category","embeddable":true,"href":"https:\/\/prosvjeta.ba\/latinica\/wp-json\/wp\/v2\/categories?post=3261"},{"taxonomy":"post_tag","embeddable":true,"href":"https:\/\/prosvjeta.ba\/latinica\/wp-json\/wp\/v2\/tags?post=3261"}],"curies":[{"name":"wp","href":"https:\/\/api.w.org\/{rel}","templated":true}]}}