{"id":3267,"date":"2024-03-18T11:55:51","date_gmt":"2024-03-18T11:55:51","guid":{"rendered":"https:\/\/prosvjeta.ba\/?p=3267"},"modified":"2024-03-18T11:55:54","modified_gmt":"2024-03-18T11:55:54","slug":"otvorena-izlozba-povratak-umjetnost-i-priroda","status":"publish","type":"post","link":"https:\/\/prosvjeta.ba\/latinica\/otvorena-izlozba-povratak-umjetnost-i-priroda\/","title":{"rendered":"Otvorena izlo\u017eba - \"Povratak: Umjetnost i Priroda\""},"content":{"rendered":"<p>Izlo\u017eba je otvorena u subotu 16.03.2024. u prostorijama SPKD \"Prosvjeta\" u Sarajevu, u sklopu festivala \"SARAJEVSKA ZIMA\". Pridru\u017eite nam se na putovanju i povezivanju <strong><em>ponovo s prirodom<\/em><\/strong> na izlo\u017ebi \"Povratak\".<\/p>\n\n\n\n<figure class=\"wp-block-image size-large\"><img fetchpriority=\"high\" decoding=\"async\" width=\"768\" height=\"1024\" src=\"https:\/\/prosvjeta.ba\/wp-content\/uploads\/2024\/03\/nerra_nela_n-768x1024.jpg\" alt=\"\" class=\"wp-image-3268\" srcset=\"https:\/\/prosvjeta.ba\/wp-content\/uploads\/2024\/03\/nerra_nela_n-768x1024.jpg 768w, https:\/\/prosvjeta.ba\/wp-content\/uploads\/2024\/03\/nerra_nela_n-225x300.jpg 225w, https:\/\/prosvjeta.ba\/wp-content\/uploads\/2024\/03\/nerra_nela_n-1152x1536.jpg 1152w, https:\/\/prosvjeta.ba\/wp-content\/uploads\/2024\/03\/nerra_nela_n-9x12.jpg 9w, https:\/\/prosvjeta.ba\/wp-content\/uploads\/2024\/03\/nerra_nela_n.jpg 1350w\" sizes=\"(max-width: 768px) 100vw, 768px\" \/><\/figure>\n\n\n\n<p>Savremeni umjetnici kroz svoja djela podsti\u010du dijalog o eti\u010dkim dilemama o\u010duvanja okoline, izazivaju\u0107i duboko promi\u0161l\u0458anje kod posmatra\u010da.<\/p>\n\n\n\n<figure class=\"wp-block-image size-large\"><img decoding=\"async\" width=\"768\" height=\"1024\" src=\"https:\/\/prosvjeta.ba\/wp-content\/uploads\/2024\/03\/nela_n-768x1024.jpg\" alt=\"\" class=\"wp-image-3271\" srcset=\"https:\/\/prosvjeta.ba\/wp-content\/uploads\/2024\/03\/nela_n-768x1024.jpg 768w, https:\/\/prosvjeta.ba\/wp-content\/uploads\/2024\/03\/nela_n-225x300.jpg 225w, https:\/\/prosvjeta.ba\/wp-content\/uploads\/2024\/03\/nela_n-1152x1536.jpg 1152w, https:\/\/prosvjeta.ba\/wp-content\/uploads\/2024\/03\/nela_n-9x12.jpg 9w, https:\/\/prosvjeta.ba\/wp-content\/uploads\/2024\/03\/nela_n.jpg 1350w\" sizes=\"(max-width: 768px) 100vw, 768px\" \/><\/figure>\n\n\n\n<p>Izlo\u017eba nudi raznolike perspektive o na\u0161oj povezanosti s prirodnim svijetom, pru\u017eaju\u0107i ogledalo za refleksiju i inspiraciju za stvaranje odr\u017eive budu\u0107nosti oblikovane kreativno\u0161\u0107u.<\/p>\n\n\n\n<figure class=\"wp-block-image size-large\"><img decoding=\"async\" width=\"768\" height=\"1024\" src=\"https:\/\/prosvjeta.ba\/wp-content\/uploads\/2024\/03\/n_n_n-768x1024.jpg\" alt=\"\" class=\"wp-image-3270\" srcset=\"https:\/\/prosvjeta.ba\/wp-content\/uploads\/2024\/03\/n_n_n-768x1024.jpg 768w, https:\/\/prosvjeta.ba\/wp-content\/uploads\/2024\/03\/n_n_n-225x300.jpg 225w, https:\/\/prosvjeta.ba\/wp-content\/uploads\/2024\/03\/n_n_n-1152x1536.jpg 1152w, https:\/\/prosvjeta.ba\/wp-content\/uploads\/2024\/03\/n_n_n-9x12.jpg 9w, https:\/\/prosvjeta.ba\/wp-content\/uploads\/2024\/03\/n_n_n.jpg 1350w\" sizes=\"(max-width: 768px) 100vw, 768px\" \/><\/figure>\n\n\n\n<p>Ova izlo\u017eba nije samo skup umjetni\u010dkih djela, ve\u0107 je, krik, krajnji poziv, na razmi\u0161l\u0458anje o su\u0161tinskom odnosu izme\u0111u umjetnosti i prirode te njihovom zajedni\u010dkom potencijalu za podsticanje ekolo\u0161kih akcija.<\/p>\n\n\n\n<figure class=\"wp-block-image size-large\"><img loading=\"lazy\" decoding=\"async\" width=\"1024\" height=\"768\" src=\"https:\/\/prosvjeta.ba\/wp-content\/uploads\/2024\/03\/nera_n-1024x768.jpg\" alt=\"\" class=\"wp-image-3272\" srcset=\"https:\/\/prosvjeta.ba\/wp-content\/uploads\/2024\/03\/nera_n-1024x768.jpg 1024w, https:\/\/prosvjeta.ba\/wp-content\/uploads\/2024\/03\/nera_n-300x225.jpg 300w, https:\/\/prosvjeta.ba\/wp-content\/uploads\/2024\/03\/nera_n-768x576.jpg 768w, https:\/\/prosvjeta.ba\/wp-content\/uploads\/2024\/03\/nera_n-1536x1152.jpg 1536w, https:\/\/prosvjeta.ba\/wp-content\/uploads\/2024\/03\/nera_n-16x12.jpg 16w, https:\/\/prosvjeta.ba\/wp-content\/uploads\/2024\/03\/nera_n.jpg 1800w\" sizes=\"(max-width: 1024px) 100vw, 1024px\" \/><\/figure>\n\n\n\n<p>Kroz raznovrsne umjetni\u010dke forme, mladi umjetnici nas vode na put u budu\u0107nost, isti\u010du\u0107i snagu kreativnosti i energije mladih kao kl\u0458u\u010dnog faktora u promjeni na\u0161eg odnosa prema prirodnom okru\u017eenju.<\/p>\n\n\n\n<figure class=\"wp-block-image size-large is-resized\"><img loading=\"lazy\" decoding=\"async\" width=\"768\" height=\"1024\" src=\"https:\/\/prosvjeta.ba\/wp-content\/uploads\/2024\/03\/slika_n-768x1024.jpg\" alt=\"\" class=\"wp-image-3273\" style=\"width:831px;height:auto\" srcset=\"https:\/\/prosvjeta.ba\/wp-content\/uploads\/2024\/03\/slika_n-768x1024.jpg 768w, https:\/\/prosvjeta.ba\/wp-content\/uploads\/2024\/03\/slika_n-225x300.jpg 225w, https:\/\/prosvjeta.ba\/wp-content\/uploads\/2024\/03\/slika_n-1152x1536.jpg 1152w, https:\/\/prosvjeta.ba\/wp-content\/uploads\/2024\/03\/slika_n-9x12.jpg 9w, https:\/\/prosvjeta.ba\/wp-content\/uploads\/2024\/03\/slika_n.jpg 1350w\" sizes=\"(max-width: 768px) 100vw, 768px\" \/><\/figure>\n\n\n\n<p>Kroz ovu izlo\u017ebu vidimo da su umjetnost i kreativnost, zapravo, povratak u budu\u0107nost.<\/p>\n\n\n\n<p>Dobro do\u0161li<\/p>","protected":false},"excerpt":{"rendered":"<p>\u041f\u043e\u0432\u0440\u0430\u0442\u0430\u043a<\/p>","protected":false},"author":2,"featured_media":3262,"comment_status":"open","ping_status":"open","sticky":false,"template":"","format":"standard","meta":{"footnotes":""},"categories":[10],"tags":[],"class_list":["post-3267","post","type-post","status-publish","format-standard","has-post-thumbnail","hentry","category-novosti"],"_links":{"self":[{"href":"https:\/\/prosvjeta.ba\/latinica\/wp-json\/wp\/v2\/posts\/3267","targetHints":{"allow":["GET"]}}],"collection":[{"href":"https:\/\/prosvjeta.ba\/latinica\/wp-json\/wp\/v2\/posts"}],"about":[{"href":"https:\/\/prosvjeta.ba\/latinica\/wp-json\/wp\/v2\/types\/post"}],"author":[{"embeddable":true,"href":"https:\/\/prosvjeta.ba\/latinica\/wp-json\/wp\/v2\/users\/2"}],"replies":[{"embeddable":true,"href":"https:\/\/prosvjeta.ba\/latinica\/wp-json\/wp\/v2\/comments?post=3267"}],"version-history":[{"count":1,"href":"https:\/\/prosvjeta.ba\/latinica\/wp-json\/wp\/v2\/posts\/3267\/revisions"}],"predecessor-version":[{"id":3274,"href":"https:\/\/prosvjeta.ba\/latinica\/wp-json\/wp\/v2\/posts\/3267\/revisions\/3274"}],"wp:featuredmedia":[{"embeddable":true,"href":"https:\/\/prosvjeta.ba\/latinica\/wp-json\/wp\/v2\/media\/3262"}],"wp:attachment":[{"href":"https:\/\/prosvjeta.ba\/latinica\/wp-json\/wp\/v2\/media?parent=3267"}],"wp:term":[{"taxonomy":"category","embeddable":true,"href":"https:\/\/prosvjeta.ba\/latinica\/wp-json\/wp\/v2\/categories?post=3267"},{"taxonomy":"post_tag","embeddable":true,"href":"https:\/\/prosvjeta.ba\/latinica\/wp-json\/wp\/v2\/tags?post=3267"}],"curies":[{"name":"wp","href":"https:\/\/api.w.org\/{rel}","templated":true}]}}