{"id":4084,"date":"2026-04-29T12:22:05","date_gmt":"2026-04-29T11:22:05","guid":{"rendered":"https:\/\/prosvjeta.ba\/?p=4084"},"modified":"2026-04-29T12:22:09","modified_gmt":"2026-04-29T11:22:09","slug":"spkd-prosvjeta-je-dobila-nagradu-sajma","status":"publish","type":"post","link":"https:\/\/prosvjeta.ba\/latinica\/spkd-prosvjeta-je-dobila-nagradu-sajma\/","title":{"rendered":"SPKD \"Prosvjeta\" je dobila nagradu Sajma"},"content":{"rendered":"<p>Dragi prijatelji, Sarajevski sajam knjiga, koji se odr\u017eao od 22. do 27. aprila u Centru Skenderija pod sloganom \u201cPut knjige\u201d, sada je iza nas i ovoga puta, kao jo\u0161 jedna lijepa i uspje\u0161na uspomena. Sajam je okupio nebrojene ljubitelje pisane rje\u010di koji su, pored kupovine knjiga, imali priliku da prisustvuju brojnim promocijama i dru\u017eenju s autorima. Predstavilo se vi\u0161e od 200 izlaga\u010da iz zemlje i svijeta, a zatvoren je sve\u010danom ceremonijom dodjele nagrada.<\/p>\n\n\n\n<figure class=\"wp-block-image size-large\"><img fetchpriority=\"high\" decoding=\"async\" width=\"1024\" height=\"682\" src=\"https:\/\/prosvjeta.ba\/wp-content\/uploads\/2026\/04\/37_MSSK_Dejan_prima_nagradu_obr-1024x682.png\" alt=\"\" class=\"wp-image-4087\" srcset=\"https:\/\/prosvjeta.ba\/wp-content\/uploads\/2026\/04\/37_MSSK_Dejan_prima_nagradu_obr-1024x682.png 1024w, https:\/\/prosvjeta.ba\/wp-content\/uploads\/2026\/04\/37_MSSK_Dejan_prima_nagradu_obr-300x200.png 300w, https:\/\/prosvjeta.ba\/wp-content\/uploads\/2026\/04\/37_MSSK_Dejan_prima_nagradu_obr-768x511.png 768w, https:\/\/prosvjeta.ba\/wp-content\/uploads\/2026\/04\/37_MSSK_Dejan_prima_nagradu_obr-1536x1022.png 1536w, https:\/\/prosvjeta.ba\/wp-content\/uploads\/2026\/04\/37_MSSK_Dejan_prima_nagradu_obr-18x12.png 18w, https:\/\/prosvjeta.ba\/wp-content\/uploads\/2026\/04\/37_MSSK_Dejan_prima_nagradu_obr-1200x800.png 1200w, https:\/\/prosvjeta.ba\/wp-content\/uploads\/2026\/04\/37_MSSK_Dejan_prima_nagradu_obr.png 1600w\" sizes=\"(max-width: 1024px) 100vw, 1024px\" \/><\/figure>\n\n\n\n<p>O najboljima je odlu\u010divao stru\u010dni \u017eiri u sastavu: Adisa \u017dero (predsjednica), Asmir Kujovi\u0107 i Branko Veki\u0107.<\/p>\n\n\n\n<figure class=\"wp-block-image size-large\"><img decoding=\"async\" width=\"768\" height=\"1024\" src=\"https:\/\/prosvjeta.ba\/wp-content\/uploads\/2026\/04\/nagrada_stand-1-768x1024.jpg\" alt=\"\" class=\"wp-image-4088\" srcset=\"https:\/\/prosvjeta.ba\/wp-content\/uploads\/2026\/04\/nagrada_stand-1-768x1024.jpg 768w, https:\/\/prosvjeta.ba\/wp-content\/uploads\/2026\/04\/nagrada_stand-1-225x300.jpg 225w, https:\/\/prosvjeta.ba\/wp-content\/uploads\/2026\/04\/nagrada_stand-1-1152x1536.jpg 1152w, https:\/\/prosvjeta.ba\/wp-content\/uploads\/2026\/04\/nagrada_stand-1-1536x2048.jpg 1536w, https:\/\/prosvjeta.ba\/wp-content\/uploads\/2026\/04\/nagrada_stand-1-9x12.jpg 9w, https:\/\/prosvjeta.ba\/wp-content\/uploads\/2026\/04\/nagrada_stand-1-scaled.jpg 1920w\" sizes=\"(max-width: 768px) 100vw, 768px\" \/><\/figure>\n\n\n\n<p>SPKD \u201eProsvjeta\u201c je dobila nagradu Sajma u kategoriji Najbolje esejisti\u010dke knjige: \u201ePripovjedati grad \u2013 Sarajevo, grad nastao radi pripovijedanja\u201c - autora D\u017eevada Karahasana.<\/p>\n\n\n\n<figure class=\"wp-block-image size-large\"><img decoding=\"async\" width=\"1024\" height=\"804\" src=\"https:\/\/prosvjeta.ba\/wp-content\/uploads\/2026\/04\/IMG_20260427_124839-1024x804.jpg\" alt=\"\" class=\"wp-image-4089\" srcset=\"https:\/\/prosvjeta.ba\/wp-content\/uploads\/2026\/04\/IMG_20260427_124839-1024x804.jpg 1024w, https:\/\/prosvjeta.ba\/wp-content\/uploads\/2026\/04\/IMG_20260427_124839-300x235.jpg 300w, https:\/\/prosvjeta.ba\/wp-content\/uploads\/2026\/04\/IMG_20260427_124839-768x603.jpg 768w, https:\/\/prosvjeta.ba\/wp-content\/uploads\/2026\/04\/IMG_20260427_124839-1536x1205.jpg 1536w, https:\/\/prosvjeta.ba\/wp-content\/uploads\/2026\/04\/IMG_20260427_124839-2048x1607.jpg 2048w, https:\/\/prosvjeta.ba\/wp-content\/uploads\/2026\/04\/IMG_20260427_124839-15x12.jpg 15w\" sizes=\"(max-width: 1024px) 100vw, 1024px\" \/><\/figure>\n\n\n\n<p>Mo\u017eemo re\u0107i da nam je zaista drago \u0161to je \u201eProsvjeta\u201c imala tu \u010dast, da mo\u017ee da raspola\u017ee i objavi dio bogate ostav\u0161tine akademika D\u017eevada Karahasana. Veliku zahvalnost  za to dugujemo Dragani Toma\u0161evi\u0107, urednici na\u0161eg izdava\u0161tva.<\/p>\n\n\n\n<figure class=\"wp-block-gallery has-nested-images columns-default is-cropped wp-block-gallery-1 is-layout-flex wp-block-gallery-is-layout-flex\">\n<figure class=\"wp-block-image size-large\"><img loading=\"lazy\" decoding=\"async\" width=\"1024\" height=\"782\" data-id=\"4093\" src=\"https:\/\/prosvjeta.ba\/wp-content\/uploads\/2026\/04\/1_IMG_20260427_121445-1024x782.jpg\" alt=\"\" class=\"wp-image-4093\" srcset=\"https:\/\/prosvjeta.ba\/wp-content\/uploads\/2026\/04\/1_IMG_20260427_121445-1024x782.jpg 1024w, https:\/\/prosvjeta.ba\/wp-content\/uploads\/2026\/04\/1_IMG_20260427_121445-300x229.jpg 300w, https:\/\/prosvjeta.ba\/wp-content\/uploads\/2026\/04\/1_IMG_20260427_121445-768x586.jpg 768w, https:\/\/prosvjeta.ba\/wp-content\/uploads\/2026\/04\/1_IMG_20260427_121445-1536x1172.jpg 1536w, https:\/\/prosvjeta.ba\/wp-content\/uploads\/2026\/04\/1_IMG_20260427_121445-2048x1563.jpg 2048w, https:\/\/prosvjeta.ba\/wp-content\/uploads\/2026\/04\/1_IMG_20260427_121445-16x12.jpg 16w\" sizes=\"(max-width: 1024px) 100vw, 1024px\" \/><\/figure>\n\n\n\n<figure class=\"wp-block-image size-large\"><img loading=\"lazy\" decoding=\"async\" width=\"1024\" height=\"683\" data-id=\"4092\" src=\"https:\/\/prosvjeta.ba\/wp-content\/uploads\/2026\/04\/3_dobitnici_nagrada_sa_37_MSSK_2-1024x683.jpg\" alt=\"\" class=\"wp-image-4092\" srcset=\"https:\/\/prosvjeta.ba\/wp-content\/uploads\/2026\/04\/3_dobitnici_nagrada_sa_37_MSSK_2-1024x683.jpg 1024w, https:\/\/prosvjeta.ba\/wp-content\/uploads\/2026\/04\/3_dobitnici_nagrada_sa_37_MSSK_2-300x200.jpg 300w, https:\/\/prosvjeta.ba\/wp-content\/uploads\/2026\/04\/3_dobitnici_nagrada_sa_37_MSSK_2-768x512.jpg 768w, https:\/\/prosvjeta.ba\/wp-content\/uploads\/2026\/04\/3_dobitnici_nagrada_sa_37_MSSK_2-1536x1025.jpg 1536w, https:\/\/prosvjeta.ba\/wp-content\/uploads\/2026\/04\/3_dobitnici_nagrada_sa_37_MSSK_2-18x12.jpg 18w, https:\/\/prosvjeta.ba\/wp-content\/uploads\/2026\/04\/3_dobitnici_nagrada_sa_37_MSSK_2-1200x800.jpg 1200w, https:\/\/prosvjeta.ba\/wp-content\/uploads\/2026\/04\/3_dobitnici_nagrada_sa_37_MSSK_2.jpg 2048w\" sizes=\"(max-width: 1024px) 100vw, 1024px\" \/><\/figure>\n\n\n\n<figure class=\"wp-block-image size-large\"><img loading=\"lazy\" decoding=\"async\" width=\"1024\" height=\"683\" data-id=\"4091\" src=\"https:\/\/prosvjeta.ba\/wp-content\/uploads\/2026\/04\/4_dobitnici_nagrada_sa_37_MSSK_publika-1024x683.jpg\" alt=\"\" class=\"wp-image-4091\" srcset=\"https:\/\/prosvjeta.ba\/wp-content\/uploads\/2026\/04\/4_dobitnici_nagrada_sa_37_MSSK_publika-1024x683.jpg 1024w, https:\/\/prosvjeta.ba\/wp-content\/uploads\/2026\/04\/4_dobitnici_nagrada_sa_37_MSSK_publika-300x200.jpg 300w, https:\/\/prosvjeta.ba\/wp-content\/uploads\/2026\/04\/4_dobitnici_nagrada_sa_37_MSSK_publika-768x512.jpg 768w, https:\/\/prosvjeta.ba\/wp-content\/uploads\/2026\/04\/4_dobitnici_nagrada_sa_37_MSSK_publika-1536x1025.jpg 1536w, https:\/\/prosvjeta.ba\/wp-content\/uploads\/2026\/04\/4_dobitnici_nagrada_sa_37_MSSK_publika-18x12.jpg 18w, https:\/\/prosvjeta.ba\/wp-content\/uploads\/2026\/04\/4_dobitnici_nagrada_sa_37_MSSK_publika-1200x800.jpg 1200w, https:\/\/prosvjeta.ba\/wp-content\/uploads\/2026\/04\/4_dobitnici_nagrada_sa_37_MSSK_publika.jpg 2048w\" sizes=\"(max-width: 1024px) 100vw, 1024px\" \/><\/figure>\n\n\n\n<figure class=\"wp-block-image size-large\"><img loading=\"lazy\" decoding=\"async\" width=\"768\" height=\"1024\" data-id=\"4094\" src=\"https:\/\/prosvjeta.ba\/wp-content\/uploads\/2026\/04\/5_IMG_20260422_120912-768x1024.jpg\" alt=\"\" class=\"wp-image-4094\" srcset=\"https:\/\/prosvjeta.ba\/wp-content\/uploads\/2026\/04\/5_IMG_20260422_120912-768x1024.jpg 768w, https:\/\/prosvjeta.ba\/wp-content\/uploads\/2026\/04\/5_IMG_20260422_120912-225x300.jpg 225w, https:\/\/prosvjeta.ba\/wp-content\/uploads\/2026\/04\/5_IMG_20260422_120912-1152x1536.jpg 1152w, https:\/\/prosvjeta.ba\/wp-content\/uploads\/2026\/04\/5_IMG_20260422_120912-1536x2048.jpg 1536w, https:\/\/prosvjeta.ba\/wp-content\/uploads\/2026\/04\/5_IMG_20260422_120912-9x12.jpg 9w, https:\/\/prosvjeta.ba\/wp-content\/uploads\/2026\/04\/5_IMG_20260422_120912-scaled.jpg 1920w\" sizes=\"(max-width: 768px) 100vw, 768px\" \/><\/figure>\n\n\n\n<figure class=\"wp-block-image size-large\"><img loading=\"lazy\" decoding=\"async\" width=\"768\" height=\"1024\" data-id=\"4097\" src=\"https:\/\/prosvjeta.ba\/wp-content\/uploads\/2026\/04\/IMG_20260421_153015-768x1024.jpg\" alt=\"\" class=\"wp-image-4097\" srcset=\"https:\/\/prosvjeta.ba\/wp-content\/uploads\/2026\/04\/IMG_20260421_153015-768x1024.jpg 768w, https:\/\/prosvjeta.ba\/wp-content\/uploads\/2026\/04\/IMG_20260421_153015-225x300.jpg 225w, https:\/\/prosvjeta.ba\/wp-content\/uploads\/2026\/04\/IMG_20260421_153015-1152x1536.jpg 1152w, https:\/\/prosvjeta.ba\/wp-content\/uploads\/2026\/04\/IMG_20260421_153015-1536x2048.jpg 1536w, https:\/\/prosvjeta.ba\/wp-content\/uploads\/2026\/04\/IMG_20260421_153015-9x12.jpg 9w, https:\/\/prosvjeta.ba\/wp-content\/uploads\/2026\/04\/IMG_20260421_153015-scaled.jpg 1920w\" sizes=\"(max-width: 768px) 100vw, 768px\" \/><\/figure>\n\n\n\n<figure class=\"wp-block-image size-large\"><img loading=\"lazy\" decoding=\"async\" width=\"768\" height=\"1024\" data-id=\"4096\" src=\"https:\/\/prosvjeta.ba\/wp-content\/uploads\/2026\/04\/IMG_20260421_153041-768x1024.jpg\" alt=\"\" class=\"wp-image-4096\" srcset=\"https:\/\/prosvjeta.ba\/wp-content\/uploads\/2026\/04\/IMG_20260421_153041-768x1024.jpg 768w, https:\/\/prosvjeta.ba\/wp-content\/uploads\/2026\/04\/IMG_20260421_153041-225x300.jpg 225w, https:\/\/prosvjeta.ba\/wp-content\/uploads\/2026\/04\/IMG_20260421_153041-1152x1536.jpg 1152w, https:\/\/prosvjeta.ba\/wp-content\/uploads\/2026\/04\/IMG_20260421_153041-1536x2048.jpg 1536w, https:\/\/prosvjeta.ba\/wp-content\/uploads\/2026\/04\/IMG_20260421_153041-9x12.jpg 9w, https:\/\/prosvjeta.ba\/wp-content\/uploads\/2026\/04\/IMG_20260421_153041-scaled.jpg 1920w\" sizes=\"(max-width: 768px) 100vw, 768px\" \/><\/figure>\n\n\n\n<figure class=\"wp-block-image size-large\"><img loading=\"lazy\" decoding=\"async\" width=\"768\" height=\"1024\" data-id=\"4101\" src=\"https:\/\/prosvjeta.ba\/wp-content\/uploads\/2026\/04\/IMG_20260421_153052-768x1024.jpg\" alt=\"\" class=\"wp-image-4101\" srcset=\"https:\/\/prosvjeta.ba\/wp-content\/uploads\/2026\/04\/IMG_20260421_153052-768x1024.jpg 768w, https:\/\/prosvjeta.ba\/wp-content\/uploads\/2026\/04\/IMG_20260421_153052-225x300.jpg 225w, https:\/\/prosvjeta.ba\/wp-content\/uploads\/2026\/04\/IMG_20260421_153052-1152x1536.jpg 1152w, https:\/\/prosvjeta.ba\/wp-content\/uploads\/2026\/04\/IMG_20260421_153052-1536x2048.jpg 1536w, https:\/\/prosvjeta.ba\/wp-content\/uploads\/2026\/04\/IMG_20260421_153052-9x12.jpg 9w, https:\/\/prosvjeta.ba\/wp-content\/uploads\/2026\/04\/IMG_20260421_153052-scaled.jpg 1920w\" sizes=\"(max-width: 768px) 100vw, 768px\" \/><\/figure>\n\n\n\n<figure class=\"wp-block-image size-large\"><img loading=\"lazy\" decoding=\"async\" width=\"1024\" height=\"768\" data-id=\"4095\" src=\"https:\/\/prosvjeta.ba\/wp-content\/uploads\/2026\/04\/IMG_20260422_121001-1024x768.jpg\" alt=\"\" class=\"wp-image-4095\" srcset=\"https:\/\/prosvjeta.ba\/wp-content\/uploads\/2026\/04\/IMG_20260422_121001-1024x768.jpg 1024w, https:\/\/prosvjeta.ba\/wp-content\/uploads\/2026\/04\/IMG_20260422_121001-300x225.jpg 300w, https:\/\/prosvjeta.ba\/wp-content\/uploads\/2026\/04\/IMG_20260422_121001-768x576.jpg 768w, https:\/\/prosvjeta.ba\/wp-content\/uploads\/2026\/04\/IMG_20260422_121001-1536x1152.jpg 1536w, https:\/\/prosvjeta.ba\/wp-content\/uploads\/2026\/04\/IMG_20260422_121001-2048x1536.jpg 2048w, https:\/\/prosvjeta.ba\/wp-content\/uploads\/2026\/04\/IMG_20260422_121001-16x12.jpg 16w\" sizes=\"(max-width: 1024px) 100vw, 1024px\" \/><\/figure>\n\n\n\n<figure class=\"wp-block-image size-large\"><img loading=\"lazy\" decoding=\"async\" width=\"768\" height=\"1024\" data-id=\"4100\" src=\"https:\/\/prosvjeta.ba\/wp-content\/uploads\/2026\/04\/IMG_20260422_121423-768x1024.jpg\" alt=\"\" class=\"wp-image-4100\" srcset=\"https:\/\/prosvjeta.ba\/wp-content\/uploads\/2026\/04\/IMG_20260422_121423-768x1024.jpg 768w, https:\/\/prosvjeta.ba\/wp-content\/uploads\/2026\/04\/IMG_20260422_121423-225x300.jpg 225w, https:\/\/prosvjeta.ba\/wp-content\/uploads\/2026\/04\/IMG_20260422_121423-1152x1536.jpg 1152w, https:\/\/prosvjeta.ba\/wp-content\/uploads\/2026\/04\/IMG_20260422_121423-1536x2048.jpg 1536w, https:\/\/prosvjeta.ba\/wp-content\/uploads\/2026\/04\/IMG_20260422_121423-9x12.jpg 9w, https:\/\/prosvjeta.ba\/wp-content\/uploads\/2026\/04\/IMG_20260422_121423-scaled.jpg 1920w\" sizes=\"(max-width: 768px) 100vw, 768px\" \/><\/figure>\n\n\n\n<figure class=\"wp-block-image size-large\"><img loading=\"lazy\" decoding=\"async\" width=\"768\" height=\"1024\" data-id=\"4098\" src=\"https:\/\/prosvjeta.ba\/wp-content\/uploads\/2026\/04\/IMG_20260422_121455-768x1024.jpg\" alt=\"\" class=\"wp-image-4098\" srcset=\"https:\/\/prosvjeta.ba\/wp-content\/uploads\/2026\/04\/IMG_20260422_121455-768x1024.jpg 768w, https:\/\/prosvjeta.ba\/wp-content\/uploads\/2026\/04\/IMG_20260422_121455-225x300.jpg 225w, https:\/\/prosvjeta.ba\/wp-content\/uploads\/2026\/04\/IMG_20260422_121455-1152x1536.jpg 1152w, https:\/\/prosvjeta.ba\/wp-content\/uploads\/2026\/04\/IMG_20260422_121455-1536x2048.jpg 1536w, https:\/\/prosvjeta.ba\/wp-content\/uploads\/2026\/04\/IMG_20260422_121455-9x12.jpg 9w, https:\/\/prosvjeta.ba\/wp-content\/uploads\/2026\/04\/IMG_20260422_121455-scaled.jpg 1920w\" sizes=\"(max-width: 768px) 100vw, 768px\" \/><\/figure>\n<\/figure>\n\n\n\n<p>Ova knjiga eseja govori o onome \u0161to je Karahasan opisivao u svim svojim djelima. Gradove, izmi\u0161ljene gradove u svakom svom romanu. A ovdje pi\u0161e o stvarnom gradu. O Sarajevu, koje je na poseban na\u010din do\u017eivljavao i opisivao.<\/p>\n\n\n\n<figure class=\"wp-block-image size-large\"><img loading=\"lazy\" decoding=\"async\" width=\"688\" height=\"1024\" src=\"https:\/\/prosvjeta.ba\/wp-content\/uploads\/2026\/04\/IMG_20260422_121043-688x1024.jpg\" alt=\"\" class=\"wp-image-4102\" srcset=\"https:\/\/prosvjeta.ba\/wp-content\/uploads\/2026\/04\/IMG_20260422_121043-688x1024.jpg 688w, https:\/\/prosvjeta.ba\/wp-content\/uploads\/2026\/04\/IMG_20260422_121043-202x300.jpg 202w, https:\/\/prosvjeta.ba\/wp-content\/uploads\/2026\/04\/IMG_20260422_121043-768x1143.jpg 768w, https:\/\/prosvjeta.ba\/wp-content\/uploads\/2026\/04\/IMG_20260422_121043-1032x1536.jpg 1032w, https:\/\/prosvjeta.ba\/wp-content\/uploads\/2026\/04\/IMG_20260422_121043-1376x2048.jpg 1376w, https:\/\/prosvjeta.ba\/wp-content\/uploads\/2026\/04\/IMG_20260422_121043-8x12.jpg 8w, https:\/\/prosvjeta.ba\/wp-content\/uploads\/2026\/04\/IMG_20260422_121043-scaled.jpg 1720w\" sizes=\"(max-width: 688px) 100vw, 688px\" \/><\/figure>\n\n\n\n<p>Knjigu mo\u017eete nabaviti u prostorijama Dru\u0161tva<\/p>","protected":false},"excerpt":{"rendered":"<p>\u0414\u0440\u0430\u0433\u0438 \u043f\u0440\u0438\u0458\u0430\u0442\u0435\u0459\u0438, \u0421\u0430\u0440\u0430\u0458\u0435\u0432\u0441\u043a\u0438 \u0441\u0430\u0458\u0430\u043c \u043a\u045a\u0438\u0433\u0430, \u043a\u043e\u0458\u0438 \u0441\u0435 \u043e\u0434\u0440\u0436\u0430\u043e \u043e\u0434 22. \u0434\u043e 27. \u0430\u043f\u0440\u0438\u043b\u0430 \u0443 \u0426\u0435\u043d\u0442\u0440\u0443 \u0421\u043a\u0435\u043d\u0434\u0435\u0440\u0438\u0458\u0430 \u043f\u043e\u0434 \u0441\u043b\u043e\u0433\u0430\u043d\u043e\u043c \u201c\u041f\u0443\u0442 \u043a\u045a\u0438\u0433\u0435\u201d, \u0441\u0430\u0434\u0430 \u0458\u0435 \u0438\u0437\u0430 \u043d\u0430\u0441 \u0438 \u043e\u0432\u043e\u0433\u0430 \u043f\u0443\u0442\u0430, \u043a\u0430\u043e \u0458\u043e\u0448 \u0458\u0435\u0434\u043d\u0430 \u043b\u0438\u0458\u0435\u043f\u0430 \u0438 \u0443\u0441\u043f\u0458\u0435\u0448\u043d\u0430 \u0443\u0441\u043f\u043e\u043c\u0435\u043d\u0430. \u0421\u0430\u0458\u0430\u043c \u0458\u0435 \u043e\u043a\u0443\u043f\u0438\u043e \u043d\u0435\u0431\u0440\u043e\u0458\u0435\u043d\u0435 \u0459\u0443\u0431\u0438\u0442\u0435\u0459\u0435 \u043f\u0438\u0441\u0430\u043d\u0435 \u0440\u0435\u0447\u0438 \u043a\u043e\u0458\u0438 \u0441\u0443, \u043f\u043e\u0440\u0435\u0434 \u043a\u0443\u043f\u043e\u0432\u0438\u043d\u0435 \u043a\u045a\u0438\u0433\u0430, \u0438\u043c\u0430\u043b\u0438 \u043f\u0440\u0438\u043b\u0438\u043a\u0443 \u0434\u0430 \u043f\u0440\u0438\u0441\u0443\u0441\u0442\u0432\u0443\u0458\u0443 \u0431\u0440\u043e\u0458\u043d\u0438\u043c \u043f\u0440\u043e\u043c\u043e\u0446\u0438\u0458\u0430\u043c\u0430 \u0438 \u0434\u0440\u0443\u0436\u0435\u045a\u0443 \u0441 [&hellip;]<\/p>\n","protected":false},"author":2,"featured_media":4086,"comment_status":"open","ping_status":"open","sticky":false,"template":"","format":"standard","meta":{"footnotes":""},"categories":[10],"tags":[],"class_list":["post-4084","post","type-post","status-publish","format-standard","has-post-thumbnail","hentry","category-novosti"],"_links":{"self":[{"href":"https:\/\/prosvjeta.ba\/latinica\/wp-json\/wp\/v2\/posts\/4084","targetHints":{"allow":["GET"]}}],"collection":[{"href":"https:\/\/prosvjeta.ba\/latinica\/wp-json\/wp\/v2\/posts"}],"about":[{"href":"https:\/\/prosvjeta.ba\/latinica\/wp-json\/wp\/v2\/types\/post"}],"author":[{"embeddable":true,"href":"https:\/\/prosvjeta.ba\/latinica\/wp-json\/wp\/v2\/users\/2"}],"replies":[{"embeddable":true,"href":"https:\/\/prosvjeta.ba\/latinica\/wp-json\/wp\/v2\/comments?post=4084"}],"version-history":[{"count":1,"href":"https:\/\/prosvjeta.ba\/latinica\/wp-json\/wp\/v2\/posts\/4084\/revisions"}],"predecessor-version":[{"id":4103,"href":"https:\/\/prosvjeta.ba\/latinica\/wp-json\/wp\/v2\/posts\/4084\/revisions\/4103"}],"wp:featuredmedia":[{"embeddable":true,"href":"https:\/\/prosvjeta.ba\/latinica\/wp-json\/wp\/v2\/media\/4086"}],"wp:attachment":[{"href":"https:\/\/prosvjeta.ba\/latinica\/wp-json\/wp\/v2\/media?parent=4084"}],"wp:term":[{"taxonomy":"category","embeddable":true,"href":"https:\/\/prosvjeta.ba\/latinica\/wp-json\/wp\/v2\/categories?post=4084"},{"taxonomy":"post_tag","embeddable":true,"href":"https:\/\/prosvjeta.ba\/latinica\/wp-json\/wp\/v2\/tags?post=4084"}],"curies":[{"name":"wp","href":"https:\/\/api.w.org\/{rel}","templated":true}]}}